{"id":42320,"date":"2025-02-13T20:44:44","date_gmt":"2025-02-14T00:44:44","guid":{"rendered":"https:\/\/ciudadtrujillo.com\/?p=42320"},"modified":"2025-02-13T20:44:44","modified_gmt":"2025-02-14T00:44:44","slug":"proyectan-recuperacion-de-puentes-e-impulso-de-plan-especial-de-asfaltado","status":"publish","type":"post","link":"https:\/\/ciudadtrujillo.com\/?p=42320","title":{"rendered":"Proyectan recuperaci\u00f3n de puentes e impulso de Plan Especial de Asfaltado"},"content":{"rendered":"<p style=\"text-align: justify;\">Una de las prioridades fundamentales durante estos 3 a\u00f1os de progreso indetenible fue la rehabilitaci\u00f3n de las carreteras, por lo que el gobierno regional se enfoc\u00f3 en la recuperaci\u00f3n de las plantas, maquinarias y equipos de asfalto, lo que permiti\u00f3 la colocaci\u00f3n de 63 mil TN de mezcla asf\u00e1ltica con casi 600 km de vialidad impactada en el 2024.<\/p>\n<p style=\"text-align: justify;\">La informaci\u00f3n fue aportada por el gobernador Gerardo M\u00e1rquez durante la presentaci\u00f3n de la Memoria y Cuenta 2024. Durante su discurso mencion\u00f3 que gracias al Presidente Nicol\u00e1s Maduro y el ministro de Transporte, Ram\u00f3n Vel\u00e1squez Araguay\u00e1n, para este 2025 se proyecta la recuperaci\u00f3n de 14 puentes y la ejecuci\u00f3n del Plan Especial de Asfaltado en \u201ccada uno de los municipios (\u2026) escuchando a las Comunas y el Poder Popular, 20 de los proyectos presentados por el pueblo tienen que ver con asfaltado\u201d.<\/p>\n<p style=\"text-align: justify;\">Acot\u00f3, adem\u00e1s, que este a\u00f1o se trabajar\u00e1 en la recuperaci\u00f3n de importantes carreteras como Valera \u2013 Lara y la v\u00eda desde La Flecha a Timotes, as\u00ed como la rehabilitaci\u00f3n total de la carretera desde El Cruce a Bocon\u00f3 para favorecer el traslado de productos agr\u00edcolas.<\/p>\n<p>&nbsp;<\/p>\n<p>&nbsp;<\/p>\n<h6>Yarlenis Albarr\u00e1n\/Gr\u00e1fica Felix Mart\u00edn<\/h6>\n","protected":false},"excerpt":{"rendered":"<p>Una de las prioridades fundamentales durante estos 3 a\u00f1os de progreso indetenible fue la rehabilitaci\u00f3n de las carreteras, por lo que el gobierno regional se enfoc\u00f3 en la recuperaci\u00f3n de&hellip; <\/p>\n","protected":false},"author":7,"featured_media":42322,"comment_status":"closed","ping_status":"closed","sticky":false,"template":"","format":"standard","meta":{"footnotes":""},"categories":[40],"tags":[],"class_list":["post-42320","post","type-post","status-publish","format-standard","has-post-thumbnail","hentry","category-grantrujillo"],"_links":{"self":[{"href":"https:\/\/ciudadtrujillo.com\/index.php?rest_route=\/wp\/v2\/posts\/42320","targetHints":{"allow":["GET"]}}],"collection":[{"href":"https:\/\/ciudadtrujillo.com\/index.php?rest_route=\/wp\/v2\/posts"}],"about":[{"href":"https:\/\/ciudadtrujillo.com\/index.php?rest_route=\/wp\/v2\/types\/post"}],"author":[{"embeddable":true,"href":"https:\/\/ciudadtrujillo.com\/index.php?rest_route=\/wp\/v2\/users\/7"}],"replies":[{"embeddable":true,"href":"https:\/\/ciudadtrujillo.com\/index.php?rest_route=%2Fwp%2Fv2%2Fcomments&post=42320"}],"version-history":[{"count":1,"href":"https:\/\/ciudadtrujillo.com\/index.php?rest_route=\/wp\/v2\/posts\/42320\/revisions"}],"predecessor-version":[{"id":42323,"href":"https:\/\/ciudadtrujillo.com\/index.php?rest_route=\/wp\/v2\/posts\/42320\/revisions\/42323"}],"wp:featuredmedia":[{"embeddable":true,"href":"https:\/\/ciudadtrujillo.com\/index.php?rest_route=\/wp\/v2\/media\/42322"}],"wp:attachment":[{"href":"https:\/\/ciudadtrujillo.com\/index.php?rest_route=%2Fwp%2Fv2%2Fmedia&parent=42320"}],"wp:term":[{"taxonomy":"category","embeddable":true,"href":"https:\/\/ciudadtrujillo.com\/index.php?rest_route=%2Fwp%2Fv2%2Fcategories&post=42320"},{"taxonomy":"post_tag","embeddable":true,"href":"https:\/\/ciudadtrujillo.com\/index.php?rest_route=%2Fwp%2Fv2%2Ftags&post=42320"}],"curies":[{"name":"wp","href":"https:\/\/api.w.org\/{rel}","templated":true}]}}