{"id":42317,"date":"2025-02-13T20:41:54","date_gmt":"2025-02-14T00:41:54","guid":{"rendered":"https:\/\/ciudadtrujillo.com\/?p=42317"},"modified":"2025-02-13T20:41:54","modified_gmt":"2025-02-14T00:41:54","slug":"entregados-mas-de-21-millones-de-medicamentos-en-el-estado","status":"publish","type":"post","link":"https:\/\/ciudadtrujillo.com\/?p=42317","title":{"rendered":"Entregados m\u00e1s de 21 millones de medicamentos en el estado"},"content":{"rendered":"<p style=\"text-align: justify;\">Durante la presentaci\u00f3n de la memoria y cuenta correspondiente al ejercicio fiscal 2024 ante la Contralor\u00eda y el Consejo Legislativo del estado, el gobernador Gerardo M\u00e1rquez destac\u00f3 que se han entregado m\u00e1s de 21 millones de unidosis de medicamentos en el estado.<\/p>\n<p style=\"text-align: justify;\">Asimismo, se brind\u00f3 atenci\u00f3n a m\u00e1s de 11 mil 256 ni\u00f1os y ni\u00f1as a trav\u00e9s de la Direcci\u00f3n Regional del Ni\u00f1o Sim\u00f3n, quienes recibieron servicios de medicina general, terapia del lenguaje y psicolog\u00eda con apoyo social.<\/p>\n<p style=\"text-align: justify;\">El mandatario regional inform\u00f3 que se llevaron a cabo 552 jornadas sociales, en las cuales se atendi\u00f3 de manera integral y gratuita a un total de 17 mil 589 personas a trav\u00e9s del Instituto Trujillano de la Juventud. De este total, el 48% fueron mujeres trujillanas. Adem\u00e1s, se ofreci\u00f3 atenci\u00f3n a grupos de iglesias cat\u00f3licas y evang\u00e9licas, as\u00ed como a 7,496 abuelas y abuelos de la Patria.<\/p>\n<p style=\"text-align: justify;\">Por \u00faltimo, se recuperaron los espacios del Servicio Administrativo de Protecci\u00f3n al Ni\u00f1o, Ni\u00f1a y Adolescente del estado Trujillo (Sapnnaet) y se entregaron m\u00e1s de 28 mil 467 dispositivos t\u00e9cnicos, incluyendo sillas de ruedas, muletas, entre otros. Con el objetivo de satisfacer las necesidades del Sistema del 1&#215;10 del Buen Gobierno.<\/p>\n<p>&nbsp;<\/p>\n<p>&nbsp;<\/p>\n<h6>Gianella Graterol<\/h6>\n","protected":false},"excerpt":{"rendered":"<p>Durante la presentaci\u00f3n de la memoria y cuenta correspondiente al ejercicio fiscal 2024 ante la Contralor\u00eda y el Consejo Legislativo del estado, el gobernador Gerardo M\u00e1rquez destac\u00f3 que se han&hellip; <\/p>\n","protected":false},"author":7,"featured_media":42318,"comment_status":"closed","ping_status":"closed","sticky":false,"template":"","format":"standard","meta":{"footnotes":""},"categories":[40],"tags":[],"class_list":["post-42317","post","type-post","status-publish","format-standard","has-post-thumbnail","hentry","category-grantrujillo"],"_links":{"self":[{"href":"https:\/\/ciudadtrujillo.com\/index.php?rest_route=\/wp\/v2\/posts\/42317","targetHints":{"allow":["GET"]}}],"collection":[{"href":"https:\/\/ciudadtrujillo.com\/index.php?rest_route=\/wp\/v2\/posts"}],"about":[{"href":"https:\/\/ciudadtrujillo.com\/index.php?rest_route=\/wp\/v2\/types\/post"}],"author":[{"embeddable":true,"href":"https:\/\/ciudadtrujillo.com\/index.php?rest_route=\/wp\/v2\/users\/7"}],"replies":[{"embeddable":true,"href":"https:\/\/ciudadtrujillo.com\/index.php?rest_route=%2Fwp%2Fv2%2Fcomments&post=42317"}],"version-history":[{"count":1,"href":"https:\/\/ciudadtrujillo.com\/index.php?rest_route=\/wp\/v2\/posts\/42317\/revisions"}],"predecessor-version":[{"id":42319,"href":"https:\/\/ciudadtrujillo.com\/index.php?rest_route=\/wp\/v2\/posts\/42317\/revisions\/42319"}],"wp:featuredmedia":[{"embeddable":true,"href":"https:\/\/ciudadtrujillo.com\/index.php?rest_route=\/wp\/v2\/media\/42318"}],"wp:attachment":[{"href":"https:\/\/ciudadtrujillo.com\/index.php?rest_route=%2Fwp%2Fv2%2Fmedia&parent=42317"}],"wp:term":[{"taxonomy":"category","embeddable":true,"href":"https:\/\/ciudadtrujillo.com\/index.php?rest_route=%2Fwp%2Fv2%2Fcategories&post=42317"},{"taxonomy":"post_tag","embeddable":true,"href":"https:\/\/ciudadtrujillo.com\/index.php?rest_route=%2Fwp%2Fv2%2Ftags&post=42317"}],"curies":[{"name":"wp","href":"https:\/\/api.w.org\/{rel}","templated":true}]}}