{"id":42311,"date":"2025-02-13T20:36:24","date_gmt":"2025-02-14T00:36:24","guid":{"rendered":"https:\/\/ciudadtrujillo.com\/?p=42311"},"modified":"2025-02-13T20:36:24","modified_gmt":"2025-02-14T00:36:24","slug":"trujillo-se-posiciona-en-los-primeros-lugares-de-produccion-agricola","status":"publish","type":"post","link":"https:\/\/ciudadtrujillo.com\/?p=42311","title":{"rendered":"Trujillo se posiciona en los primeros lugares de producci\u00f3n agr\u00edcola"},"content":{"rendered":"<p style=\"text-align: justify;\">El gobernador del estado, Gerardo M\u00e1rquez, durante la presentaci\u00f3n de su informe anual al pueblo, destac\u00f3 las grandes potencialidades de las tierras trujillanas, que con apenas el 3,2 del territorio, ha alcanzado los primeros lugares de producci\u00f3n en el pa\u00eds.<\/p>\n<p style=\"text-align: justify;\">Es as\u00ed como el cultivo regional se mantiene en el 1er lugar en producci\u00f3n nacional de fresas, cambur criollo y pi\u00f1a. Asimismo, en el segundo lugar de hortalizas, verduras y mus\u00e1ceas (pl\u00e1tanos) con 13.843 hect\u00e1reas en producci\u00f3n y el tercer lugar con el cultivo de caf\u00e9 con una cosecha en 18.529 hect\u00e1reas y 410.000 quintales al a\u00f1o. Cabe se\u00f1alar que Trujillo obtuvo el 1er, 2do, 4to y 8vo lugar en la Feria del Caf\u00e9 2024 realizada en la ciudad de Caracas.<\/p>\n<p style=\"text-align: justify;\">El mandatario regional tambi\u00e9n enfatiz\u00f3 que en materia de recuperaci\u00f3n de la vialidad agr\u00edcola en el a\u00f1o 2024 fueron rehabilitados 356 km de v\u00edas en los municipios Miranda, Sucre, La Ceiba, Escuque, Valera, Urdaneta, Pampanito, Trujillo, Candelaria, Pamp\u00e1n, Carache y Motat\u00e1n, para sumar a m\u00e1s de 810 km rehabilitados desde el a\u00f1o 2021.<\/p>\n<p>&nbsp;<\/p>\n<p>&nbsp;<\/p>\n<h6>Rossiel Hurtado<\/h6>\n","protected":false},"excerpt":{"rendered":"<p>El gobernador del estado, Gerardo M\u00e1rquez, durante la presentaci\u00f3n de su informe anual al pueblo, destac\u00f3 las grandes potencialidades de las tierras trujillanas, que con apenas el 3,2 del territorio,&hellip; <\/p>\n","protected":false},"author":7,"featured_media":42312,"comment_status":"closed","ping_status":"closed","sticky":false,"template":"","format":"standard","meta":{"footnotes":""},"categories":[40],"tags":[],"class_list":["post-42311","post","type-post","status-publish","format-standard","has-post-thumbnail","hentry","category-grantrujillo"],"_links":{"self":[{"href":"https:\/\/ciudadtrujillo.com\/index.php?rest_route=\/wp\/v2\/posts\/42311","targetHints":{"allow":["GET"]}}],"collection":[{"href":"https:\/\/ciudadtrujillo.com\/index.php?rest_route=\/wp\/v2\/posts"}],"about":[{"href":"https:\/\/ciudadtrujillo.com\/index.php?rest_route=\/wp\/v2\/types\/post"}],"author":[{"embeddable":true,"href":"https:\/\/ciudadtrujillo.com\/index.php?rest_route=\/wp\/v2\/users\/7"}],"replies":[{"embeddable":true,"href":"https:\/\/ciudadtrujillo.com\/index.php?rest_route=%2Fwp%2Fv2%2Fcomments&post=42311"}],"version-history":[{"count":1,"href":"https:\/\/ciudadtrujillo.com\/index.php?rest_route=\/wp\/v2\/posts\/42311\/revisions"}],"predecessor-version":[{"id":42313,"href":"https:\/\/ciudadtrujillo.com\/index.php?rest_route=\/wp\/v2\/posts\/42311\/revisions\/42313"}],"wp:featuredmedia":[{"embeddable":true,"href":"https:\/\/ciudadtrujillo.com\/index.php?rest_route=\/wp\/v2\/media\/42312"}],"wp:attachment":[{"href":"https:\/\/ciudadtrujillo.com\/index.php?rest_route=%2Fwp%2Fv2%2Fmedia&parent=42311"}],"wp:term":[{"taxonomy":"category","embeddable":true,"href":"https:\/\/ciudadtrujillo.com\/index.php?rest_route=%2Fwp%2Fv2%2Fcategories&post=42311"},{"taxonomy":"post_tag","embeddable":true,"href":"https:\/\/ciudadtrujillo.com\/index.php?rest_route=%2Fwp%2Fv2%2Ftags&post=42311"}],"curies":[{"name":"wp","href":"https:\/\/api.w.org\/{rel}","templated":true}]}}