{"id":42308,"date":"2025-02-13T20:19:32","date_gmt":"2025-02-14T00:19:32","guid":{"rendered":"https:\/\/ciudadtrujillo.com\/?p=42308"},"modified":"2025-02-13T20:19:32","modified_gmt":"2025-02-14T00:19:32","slug":"region-trujillana-recibio-63-mil-visitantes-en-el-2024","status":"publish","type":"post","link":"https:\/\/ciudadtrujillo.com\/?p=42308","title":{"rendered":"Regi\u00f3n trujillana recibi\u00f3 63 mil visitantes en el 2024"},"content":{"rendered":"<p style=\"text-align: justify;\">Este jueves, desde las instalaciones del Domo Bolivariano en el municipio Valera, el gobernador Gerardo M\u00e1rquez, se refiri\u00f3 al impulso tur\u00edstico que ha tenido el estado Trujillo, enfatizando el embellecimiento de los sitios dispuestos para la recreaci\u00f3n y el compartir de propios y visitantes, en los que se brind\u00f3 atenci\u00f3n a 63 mil visitantes en los 350 servicios tur\u00edsticos del estado.<\/p>\n<p style=\"text-align: justify;\">En este sentido, durante la presentaci\u00f3n de su memorio y cuenta, el mandatario regional resalt\u00f3 la recuperaci\u00f3n del ascensor del Monumento a la Paz, puesto en funcionamiento tras 18 a\u00f1os inoperativo.<\/p>\n<p style=\"text-align: justify;\">Es de se\u00f1alar la rehabilitaci\u00f3n de las posadas tur\u00edsticas Mirabel, Santa Ana y San L\u00e1zaro y los m\u00e1s de 1.200 turistas atendidos en estos hospedajes durante el a\u00f1o 2024.<\/p>\n<p style=\"text-align: justify;\">Asimismo, fueron certificadas 6 rutas tur\u00edsticas en la Feria Internacional de Turismo en T\u00e1chira 2024.<\/p>\n<p>&nbsp;<\/p>\n<p>&nbsp;<\/p>\n<h6>Ciudad Trujillo<\/h6>\n","protected":false},"excerpt":{"rendered":"<p>Este jueves, desde las instalaciones del Domo Bolivariano en el municipio Valera, el gobernador Gerardo M\u00e1rquez, se refiri\u00f3 al impulso tur\u00edstico que ha tenido el estado Trujillo, enfatizando el embellecimiento&hellip; <\/p>\n","protected":false},"author":7,"featured_media":42309,"comment_status":"closed","ping_status":"closed","sticky":false,"template":"","format":"standard","meta":{"footnotes":""},"categories":[40],"tags":[],"class_list":["post-42308","post","type-post","status-publish","format-standard","has-post-thumbnail","hentry","category-grantrujillo"],"_links":{"self":[{"href":"https:\/\/ciudadtrujillo.com\/index.php?rest_route=\/wp\/v2\/posts\/42308","targetHints":{"allow":["GET"]}}],"collection":[{"href":"https:\/\/ciudadtrujillo.com\/index.php?rest_route=\/wp\/v2\/posts"}],"about":[{"href":"https:\/\/ciudadtrujillo.com\/index.php?rest_route=\/wp\/v2\/types\/post"}],"author":[{"embeddable":true,"href":"https:\/\/ciudadtrujillo.com\/index.php?rest_route=\/wp\/v2\/users\/7"}],"replies":[{"embeddable":true,"href":"https:\/\/ciudadtrujillo.com\/index.php?rest_route=%2Fwp%2Fv2%2Fcomments&post=42308"}],"version-history":[{"count":1,"href":"https:\/\/ciudadtrujillo.com\/index.php?rest_route=\/wp\/v2\/posts\/42308\/revisions"}],"predecessor-version":[{"id":42310,"href":"https:\/\/ciudadtrujillo.com\/index.php?rest_route=\/wp\/v2\/posts\/42308\/revisions\/42310"}],"wp:featuredmedia":[{"embeddable":true,"href":"https:\/\/ciudadtrujillo.com\/index.php?rest_route=\/wp\/v2\/media\/42309"}],"wp:attachment":[{"href":"https:\/\/ciudadtrujillo.com\/index.php?rest_route=%2Fwp%2Fv2%2Fmedia&parent=42308"}],"wp:term":[{"taxonomy":"category","embeddable":true,"href":"https:\/\/ciudadtrujillo.com\/index.php?rest_route=%2Fwp%2Fv2%2Fcategories&post=42308"},{"taxonomy":"post_tag","embeddable":true,"href":"https:\/\/ciudadtrujillo.com\/index.php?rest_route=%2Fwp%2Fv2%2Ftags&post=42308"}],"curies":[{"name":"wp","href":"https:\/\/api.w.org\/{rel}","templated":true}]}}