{"id":42306,"date":"2025-02-13T20:14:27","date_gmt":"2025-02-14T00:14:27","guid":{"rendered":"https:\/\/ciudadtrujillo.com\/?p=42306"},"modified":"2025-02-13T20:17:43","modified_gmt":"2025-02-14T00:17:43","slug":"mandatario-regional-anuncio-la-distribucion-de-250-mil-tn-de-proteinas","status":"publish","type":"post","link":"https:\/\/ciudadtrujillo.com\/?p=42306","title":{"rendered":"Mandatario regional anunci\u00f3 la distribuci\u00f3n de 250 mil TN de prote\u00ednas"},"content":{"rendered":"<p style=\"text-align: justify;\">Este jueves, en el Domo Bolivariano del municipio Valera, se llev\u00f3 a cabo la presentaci\u00f3n de la memoria y cuenta correspondiente al a\u00f1o fiscal 2024. En este evento, el gobernador Gerardo M\u00e1rquez anunci\u00f3 que para este a\u00f1o se ejecutar\u00e1n jornadas permanentes de distribuci\u00f3n de prote\u00ednas en todas las comunidades y circuitos comunales del estado.<\/p>\n<p style=\"text-align: justify;\">El mandatario regional, resalt\u00f3 que para este a\u00f1o se destinar\u00e1n 250 toneladas de prote\u00ednas. Asimismo, destac\u00f3 que se entregaron un total de 2 millones 738 mil 552 combos Clap a las familias trujillanas.<\/p>\n<p style=\"text-align: justify;\">Adem\u00e1s, inform\u00f3 que durante el a\u00f1o pasado se reactivaron y dotaron las casas de alimentaci\u00f3n de la entidad.<\/p>\n<p>&nbsp;<\/p>\n<p>&nbsp;<\/p>\n<h6>Gianella Graterol<\/h6>\n","protected":false},"excerpt":{"rendered":"<p>Este jueves, en el Domo Bolivariano del municipio Valera, se llev\u00f3 a cabo la presentaci\u00f3n de la memoria y cuenta correspondiente al a\u00f1o fiscal 2024. En este evento, el gobernador&hellip; <\/p>\n","protected":false},"author":7,"featured_media":41569,"comment_status":"closed","ping_status":"closed","sticky":false,"template":"","format":"standard","meta":{"footnotes":""},"categories":[40],"tags":[],"class_list":["post-42306","post","type-post","status-publish","format-standard","has-post-thumbnail","hentry","category-grantrujillo"],"_links":{"self":[{"href":"https:\/\/ciudadtrujillo.com\/index.php?rest_route=\/wp\/v2\/posts\/42306","targetHints":{"allow":["GET"]}}],"collection":[{"href":"https:\/\/ciudadtrujillo.com\/index.php?rest_route=\/wp\/v2\/posts"}],"about":[{"href":"https:\/\/ciudadtrujillo.com\/index.php?rest_route=\/wp\/v2\/types\/post"}],"author":[{"embeddable":true,"href":"https:\/\/ciudadtrujillo.com\/index.php?rest_route=\/wp\/v2\/users\/7"}],"replies":[{"embeddable":true,"href":"https:\/\/ciudadtrujillo.com\/index.php?rest_route=%2Fwp%2Fv2%2Fcomments&post=42306"}],"version-history":[{"count":1,"href":"https:\/\/ciudadtrujillo.com\/index.php?rest_route=\/wp\/v2\/posts\/42306\/revisions"}],"predecessor-version":[{"id":42307,"href":"https:\/\/ciudadtrujillo.com\/index.php?rest_route=\/wp\/v2\/posts\/42306\/revisions\/42307"}],"wp:featuredmedia":[{"embeddable":true,"href":"https:\/\/ciudadtrujillo.com\/index.php?rest_route=\/wp\/v2\/media\/41569"}],"wp:attachment":[{"href":"https:\/\/ciudadtrujillo.com\/index.php?rest_route=%2Fwp%2Fv2%2Fmedia&parent=42306"}],"wp:term":[{"taxonomy":"category","embeddable":true,"href":"https:\/\/ciudadtrujillo.com\/index.php?rest_route=%2Fwp%2Fv2%2Fcategories&post=42306"},{"taxonomy":"post_tag","embeddable":true,"href":"https:\/\/ciudadtrujillo.com\/index.php?rest_route=%2Fwp%2Fv2%2Ftags&post=42306"}],"curies":[{"name":"wp","href":"https:\/\/api.w.org\/{rel}","templated":true}]}}