{"id":42303,"date":"2025-02-13T20:11:48","date_gmt":"2025-02-14T00:11:48","guid":{"rendered":"https:\/\/ciudadtrujillo.com\/?p=42303"},"modified":"2025-02-13T20:11:48","modified_gmt":"2025-02-14T00:11:48","slug":"la-entidad-se-destaca-entre-los-estados-con-menores-indices-delictivos","status":"publish","type":"post","link":"https:\/\/ciudadtrujillo.com\/?p=42303","title":{"rendered":"La entidad se destaca entre los estados con menores \u00edndices delictivos"},"content":{"rendered":"<p style=\"text-align: justify;\">El fortalecimiento de los organismos de seguridad ciudadana ha sido una de las prioridades del gobierno regional, lo que ha posicionado a Trujillo como el tercer estado con menores \u00edndices delictivos del pa\u00eds, as\u00ed lo detall\u00f3 este jueves el gobernador My. Gerardo M\u00e1rquez durante la presentaci\u00f3n de la Memoria y Cuenta e informe de gesti\u00f3n correspondiente al a\u00f1o fiscal 2024.<\/p>\n<p style=\"text-align: justify;\">Destac\u00f3 que esto es \u201cgracias a los cuerpos de seguridad, a ellos que se sacrifican y arriesgan sus vidas por la tranquilidad del pueblo\u201d y resalt\u00f3 el trabajo a trav\u00e9s de la fusi\u00f3n popular &#8211; militar &#8211; policial para garantizar la paz en el territorio.<\/p>\n<p style=\"text-align: justify;\">En cuanto a la recuperaci\u00f3n del parte automotor, el mandatario regional se\u00f1al\u00f3 que durante el 2024 fueron entregados m\u00e1s de 800 neum\u00e1ticos, \u201cen los pr\u00f3ximos d\u00edas dotaremos con 800 neum\u00e1ticos m\u00e1s para las unidades de seguridad ciudadana\u201d.<\/p>\n<p style=\"text-align: justify;\">Tambi\u00e9n fueron entregadas m\u00e1s de 1.500 unidades de repuestos, herramientas e insumos mec\u00e1nicos.<\/p>\n<p style=\"text-align: justify;\">Es importante recordar que, entre los logros en materia de seguridad ciudadana, durante el 2024 fue inaugurada la sala de televigilancia del CPET en el municipio Valera y 2 simuladores de tiros, que han contribuido a la paz y resguardo del pueblo.<\/p>\n<p>&nbsp;<\/p>\n<p>&nbsp;<\/p>\n<h6>Yarlenis Albarr\u00e1n<\/h6>\n","protected":false},"excerpt":{"rendered":"<p>El fortalecimiento de los organismos de seguridad ciudadana ha sido una de las prioridades del gobierno regional, lo que ha posicionado a Trujillo como el tercer estado con menores \u00edndices&hellip; <\/p>\n","protected":false},"author":7,"featured_media":42304,"comment_status":"closed","ping_status":"closed","sticky":false,"template":"","format":"standard","meta":{"footnotes":""},"categories":[40],"tags":[],"class_list":["post-42303","post","type-post","status-publish","format-standard","has-post-thumbnail","hentry","category-grantrujillo"],"_links":{"self":[{"href":"https:\/\/ciudadtrujillo.com\/index.php?rest_route=\/wp\/v2\/posts\/42303","targetHints":{"allow":["GET"]}}],"collection":[{"href":"https:\/\/ciudadtrujillo.com\/index.php?rest_route=\/wp\/v2\/posts"}],"about":[{"href":"https:\/\/ciudadtrujillo.com\/index.php?rest_route=\/wp\/v2\/types\/post"}],"author":[{"embeddable":true,"href":"https:\/\/ciudadtrujillo.com\/index.php?rest_route=\/wp\/v2\/users\/7"}],"replies":[{"embeddable":true,"href":"https:\/\/ciudadtrujillo.com\/index.php?rest_route=%2Fwp%2Fv2%2Fcomments&post=42303"}],"version-history":[{"count":1,"href":"https:\/\/ciudadtrujillo.com\/index.php?rest_route=\/wp\/v2\/posts\/42303\/revisions"}],"predecessor-version":[{"id":42305,"href":"https:\/\/ciudadtrujillo.com\/index.php?rest_route=\/wp\/v2\/posts\/42303\/revisions\/42305"}],"wp:featuredmedia":[{"embeddable":true,"href":"https:\/\/ciudadtrujillo.com\/index.php?rest_route=\/wp\/v2\/media\/42304"}],"wp:attachment":[{"href":"https:\/\/ciudadtrujillo.com\/index.php?rest_route=%2Fwp%2Fv2%2Fmedia&parent=42303"}],"wp:term":[{"taxonomy":"category","embeddable":true,"href":"https:\/\/ciudadtrujillo.com\/index.php?rest_route=%2Fwp%2Fv2%2Fcategories&post=42303"},{"taxonomy":"post_tag","embeddable":true,"href":"https:\/\/ciudadtrujillo.com\/index.php?rest_route=%2Fwp%2Fv2%2Ftags&post=42303"}],"curies":[{"name":"wp","href":"https:\/\/api.w.org\/{rel}","templated":true}]}}