{"id":42300,"date":"2025-02-13T20:08:05","date_gmt":"2025-02-14T00:08:05","guid":{"rendered":"https:\/\/ciudadtrujillo.com\/?p=42300"},"modified":"2025-02-15T14:20:02","modified_gmt":"2025-02-15T18:20:02","slug":"aeropuerto-antonio-nicolas-briceno-posee-uno-de-los-balizajes-mas-modernos-del-pais","status":"publish","type":"post","link":"https:\/\/ciudadtrujillo.com\/?p=42300","title":{"rendered":"Aeropuerto Antonio Nicol\u00e1s Brice\u00f1o posee uno de los balizajes m\u00e1s modernos del pa\u00eds"},"content":{"rendered":"<p style=\"text-align: justify;\">Gracias al acondicionamiento del Aeropuerto Antonio Nicol\u00e1s Brice\u00f1o como parte de la palabra empe\u00f1ada del gobernador Gerardo M\u00e1rquez, este terminal a\u00e9reo posee uno de los balizajes m\u00e1s modernos del pa\u00eds.<\/p>\n<p style=\"text-align: justify;\">As\u00ed lo afirm\u00f3 el mandatario regional durante la presentaci\u00f3n de la Memoria y Cuenta 2024, en la cual agreg\u00f3 que la modernizaci\u00f3n del aeropuerto permitir\u00e1 que Trujillo \u201cpronto pueda tener nuevas y mejores rutas para Caracas y una que ser\u00e1 tur\u00edstica hasta Porlamar\u201d.<\/p>\n<p>&nbsp;<\/p>\n<p style=\"text-align: center;\"><img loading=\"lazy\" decoding=\"async\" class=\"alignnone size-medium wp-image-42333\" src=\"https:\/\/ciudadtrujillo.com\/wp-content\/uploads\/2025\/02\/saaet.trujillo_447761495_2152651428425077_2312361300279696730_n-300x216.jpeg\" alt=\"\" width=\"300\" height=\"216\" srcset=\"https:\/\/ciudadtrujillo.com\/wp-content\/uploads\/2025\/02\/saaet.trujillo_447761495_2152651428425077_2312361300279696730_n-300x216.jpeg 300w, https:\/\/ciudadtrujillo.com\/wp-content\/uploads\/2025\/02\/saaet.trujillo_447761495_2152651428425077_2312361300279696730_n-1024x736.jpeg 1024w, https:\/\/ciudadtrujillo.com\/wp-content\/uploads\/2025\/02\/saaet.trujillo_447761495_2152651428425077_2312361300279696730_n-768x552.jpeg 768w, https:\/\/ciudadtrujillo.com\/wp-content\/uploads\/2025\/02\/saaet.trujillo_447761495_2152651428425077_2312361300279696730_n.jpeg 1080w\" sizes=\"auto, (max-width: 300px) 100vw, 300px\" \/><\/p>\n<h6>Yarlenis Albarr\u00e1n<\/h6>\n","protected":false},"excerpt":{"rendered":"<p>Gracias al acondicionamiento del Aeropuerto Antonio Nicol\u00e1s Brice\u00f1o como parte de la palabra empe\u00f1ada del gobernador Gerardo M\u00e1rquez, este terminal a\u00e9reo posee uno de los balizajes m\u00e1s modernos del pa\u00eds.&hellip; <\/p>\n","protected":false},"author":7,"featured_media":42332,"comment_status":"closed","ping_status":"closed","sticky":false,"template":"","format":"standard","meta":{"footnotes":""},"categories":[40],"tags":[],"class_list":["post-42300","post","type-post","status-publish","format-standard","has-post-thumbnail","hentry","category-grantrujillo"],"_links":{"self":[{"href":"https:\/\/ciudadtrujillo.com\/index.php?rest_route=\/wp\/v2\/posts\/42300","targetHints":{"allow":["GET"]}}],"collection":[{"href":"https:\/\/ciudadtrujillo.com\/index.php?rest_route=\/wp\/v2\/posts"}],"about":[{"href":"https:\/\/ciudadtrujillo.com\/index.php?rest_route=\/wp\/v2\/types\/post"}],"author":[{"embeddable":true,"href":"https:\/\/ciudadtrujillo.com\/index.php?rest_route=\/wp\/v2\/users\/7"}],"replies":[{"embeddable":true,"href":"https:\/\/ciudadtrujillo.com\/index.php?rest_route=%2Fwp%2Fv2%2Fcomments&post=42300"}],"version-history":[{"count":3,"href":"https:\/\/ciudadtrujillo.com\/index.php?rest_route=\/wp\/v2\/posts\/42300\/revisions"}],"predecessor-version":[{"id":42335,"href":"https:\/\/ciudadtrujillo.com\/index.php?rest_route=\/wp\/v2\/posts\/42300\/revisions\/42335"}],"wp:featuredmedia":[{"embeddable":true,"href":"https:\/\/ciudadtrujillo.com\/index.php?rest_route=\/wp\/v2\/media\/42332"}],"wp:attachment":[{"href":"https:\/\/ciudadtrujillo.com\/index.php?rest_route=%2Fwp%2Fv2%2Fmedia&parent=42300"}],"wp:term":[{"taxonomy":"category","embeddable":true,"href":"https:\/\/ciudadtrujillo.com\/index.php?rest_route=%2Fwp%2Fv2%2Fcategories&post=42300"},{"taxonomy":"post_tag","embeddable":true,"href":"https:\/\/ciudadtrujillo.com\/index.php?rest_route=%2Fwp%2Fv2%2Ftags&post=42300"}],"curies":[{"name":"wp","href":"https:\/\/api.w.org\/{rel}","templated":true}]}}