{"id":42294,"date":"2025-02-13T20:03:15","date_gmt":"2025-02-14T00:03:15","guid":{"rendered":"https:\/\/ciudadtrujillo.com\/?p=42294"},"modified":"2025-02-13T20:03:15","modified_gmt":"2025-02-14T00:03:15","slug":"fuertes-lluvias-dejan-27-fallecidos-y-afectan-665-viviendas-en-bolivia","status":"publish","type":"post","link":"https:\/\/ciudadtrujillo.com\/?p=42294","title":{"rendered":"Fuertes lluvias dejan 27 fallecidos y afectan 665 viviendas en Bolivia"},"content":{"rendered":"<p style=\"text-align: justify;\">En Bolivia se han contabilizado hasta el momento 27 fallecimientos y 665 viviendas afectadas, producto de la temporada de fuertes lluvias iniciada en noviembre del a\u00f1o pasado, seg\u00fan asegur\u00f3 el viceministro de Defensa Civil boliviano, Carlos Calvimontes, quien adem\u00e1s detall\u00f3 que en Cochabamba se encuentra el mayor n\u00famero de decesos con un registro de 11 personas; siete en La Paz, seis en Chuquisaca, de los cuales una se encuentra desaparecida desde la semana pasada.<\/p>\n<p style=\"text-align: justify;\">Igualmente, Calvimontes describi\u00f3 que las inundaciones afectaron a ocho apartamentos y uno de ellos se declar\u00f3 en estado de emergencia. En Bolivia, de acuerdo a detalles ofrecidos por la autoridad en Defensa Civil, se declararon 27 municipios en situaci\u00f3n de desastre, mientras que las comunidades afectadas comprenden a mil 443, con 86 mil 809 familias reportadas en esa misma condici\u00f3n; y 29 mil 404 n\u00facleos familiares clasificados como damnificados. De igual forma, 665 viviendas est\u00e1n registradas como afectadas y 333 como destruidas totalmente.<\/p>\n<h3 style=\"text-align: justify;\">Temporada de fuertes lluvias en Bolivia<\/h3>\n<p style=\"text-align: justify;\">El viceministro de Defensa Civil de Bolivia aleg\u00f3 que el pa\u00eds atraviesa un momento dif\u00edcil por la temporada de lluvias y advirti\u00f3 que los diluvios persistir\u00e1n durante este mes en curso y los primeros d\u00edas del mes de marzo. Al respecto, les sugiri\u00f3 a los gobernadores regionales de la naci\u00f3n estar alertas y tomar precauciones con planes estrat\u00e9gicos.<\/p>\n<p style=\"text-align: justify;\">\u00abEstamos en un momento muy dif\u00edcil, todav\u00eda las lluvias van a persistir durante este mes, no sabemos la intensidad y la fuerza con la que van a crecer algunas cuencas y r\u00edos; sin embargo, tenemos que estar preparados. Seg\u00fan el Servicio Nacional de Meteorolog\u00eda e Hidrolog\u00eda (Senamhi), va a ser un periodo muy cr\u00edtico\u201d, dijo.<\/p>\n<p style=\"text-align: justify;\">Destac\u00f3 que el Senamhi alert\u00f3 sobre dos ascensos de nivel y posibles desbordes en los r\u00edos de los nueve departamentos del pa\u00eds, adem\u00e1s de fuertes nevadas y granizo para esta misma semana en el altiplano y valles.<\/p>\n<p>&nbsp;<\/p>\n<p>&nbsp;<\/p>\n<h6>\u00a0VTV<\/h6>\n","protected":false},"excerpt":{"rendered":"<p>En Bolivia se han contabilizado hasta el momento 27 fallecimientos y 665 viviendas afectadas, producto de la temporada de fuertes lluvias iniciada en noviembre del a\u00f1o pasado, seg\u00fan asegur\u00f3 el&hellip; <\/p>\n","protected":false},"author":7,"featured_media":42295,"comment_status":"closed","ping_status":"closed","sticky":false,"template":"","format":"standard","meta":{"footnotes":""},"categories":[42],"tags":[],"class_list":["post-42294","post","type-post","status-publish","format-standard","has-post-thumbnail","hentry","category-mundo"],"_links":{"self":[{"href":"https:\/\/ciudadtrujillo.com\/index.php?rest_route=\/wp\/v2\/posts\/42294","targetHints":{"allow":["GET"]}}],"collection":[{"href":"https:\/\/ciudadtrujillo.com\/index.php?rest_route=\/wp\/v2\/posts"}],"about":[{"href":"https:\/\/ciudadtrujillo.com\/index.php?rest_route=\/wp\/v2\/types\/post"}],"author":[{"embeddable":true,"href":"https:\/\/ciudadtrujillo.com\/index.php?rest_route=\/wp\/v2\/users\/7"}],"replies":[{"embeddable":true,"href":"https:\/\/ciudadtrujillo.com\/index.php?rest_route=%2Fwp%2Fv2%2Fcomments&post=42294"}],"version-history":[{"count":1,"href":"https:\/\/ciudadtrujillo.com\/index.php?rest_route=\/wp\/v2\/posts\/42294\/revisions"}],"predecessor-version":[{"id":42296,"href":"https:\/\/ciudadtrujillo.com\/index.php?rest_route=\/wp\/v2\/posts\/42294\/revisions\/42296"}],"wp:featuredmedia":[{"embeddable":true,"href":"https:\/\/ciudadtrujillo.com\/index.php?rest_route=\/wp\/v2\/media\/42295"}],"wp:attachment":[{"href":"https:\/\/ciudadtrujillo.com\/index.php?rest_route=%2Fwp%2Fv2%2Fmedia&parent=42294"}],"wp:term":[{"taxonomy":"category","embeddable":true,"href":"https:\/\/ciudadtrujillo.com\/index.php?rest_route=%2Fwp%2Fv2%2Fcategories&post=42294"},{"taxonomy":"post_tag","embeddable":true,"href":"https:\/\/ciudadtrujillo.com\/index.php?rest_route=%2Fwp%2Fv2%2Ftags&post=42294"}],"curies":[{"name":"wp","href":"https:\/\/api.w.org\/{rel}","templated":true}]}}