{"id":42291,"date":"2025-02-13T20:00:06","date_gmt":"2025-02-14T00:00:06","guid":{"rendered":"https:\/\/ciudadtrujillo.com\/?p=42291"},"modified":"2025-02-13T20:00:06","modified_gmt":"2025-02-14T00:00:06","slug":"desmantelada-operacion-aurora-en-venezuela-hay-detenidos-confesos","status":"publish","type":"post","link":"https:\/\/ciudadtrujillo.com\/?p=42291","title":{"rendered":"Desmantelada Operaci\u00f3n Aurora en Venezuela: Hay detenidos confesos"},"content":{"rendered":"<p style=\"text-align: justify;\">El vicepresidente Sectorial de Pol\u00edtica, Seguridad Ciudadana y Paz, Diosdado Cabello, en rueda de prensa, inform\u00f3 que fue desmantelada una nueva operaci\u00f3n terrorista, denominada \u00abOperaci\u00f3n Aurora\u00bb en el pa\u00eds, que eran auspiciados por la extrema derecha. Adem\u00e1s indic\u00f3 que por este hecho hay detenidos confesos.<\/p>\n<p style=\"text-align: justify;\">En ese sentido, detall\u00f3 el informe investigativo sobre la \u00abOperaci\u00f3n Aurora\u00bb, la cual fue creada para concretar acciones de asalto a unidades militares en el estado Bol\u00edvar, como parte de un plan de la ultraderecha terrorista venezolana.<\/p>\n<p style=\"text-align: justify;\">Cabello, recalc\u00f3 que esto evidencia los planes terroristas de la derecha en Venezuela, \u00aby ya desmantelamos uno de esos planes, que est\u00e1 pr\u00e1cticamente cerrado con la mayor\u00eda de los involucrados detenidos y confesos, quienes hablaron de su participaci\u00f3n y de d\u00f3nde vienen\u00bb.<\/p>\n<p style=\"text-align: justify;\">A su vez, el tambi\u00e9n ministro del Poder Popular para Relaciones Interiores Justicia y Paz, expuso a los capturados en dicha operaci\u00f3n y asegur\u00f3 que el gobierno de Jair Bolsonaro, expresidente de Brasil, actu\u00f3 en las acciones terroristas contra las unidades militares venezolanas.<\/p>\n<p style=\"text-align: justify;\">Se\u00f1al\u00f3 que los involucrados \u00abten\u00edan tres acciones fundamentales a realizar, para causar impacto y cobrar\u00bb. Explic\u00f3 que estas eran atacar el Fuerte Conopoima en el estado Gu\u00e1rico; el Fuerte Tavacare en Barinas y el secuestro del magistrado del Tribunal Supremo de Justicia (TSJ), Maikel Moreno, en lo que ellos denominaron la Operaci\u00f3n Oro en en homenaje a \u00d3scar P\u00e9rez y Ronald Ojeda. De igual forma, a\u00f1adi\u00f3 que los detenidos han confesado y brindado informaci\u00f3n para continuar las investigaciones.<\/p>\n<p style=\"text-align: justify;\">Por otro lado, agreg\u00f3 que el primer detenido, fue Dami\u00e1n Rojas D\u00edaz, quien a trav\u00e9s de un video publicado durante la rueda de prensa, confes\u00f3 los planes terroristas para atacar los fuertes militares. Cabello sostuvo que hicieron el seguimiento correcto, a una serie de declaraciones a voceros de este grupo terrorista que tienen presencia en los medios digitales \u00aby es por ello que hemos insistido que detr\u00e1s de todo esto ha estado activa la participaci\u00f3n de gobiernos extranjeros, \u00bfpor qu\u00e9 lo digo? Porque este se\u00f1or (Rojas) fue extra\u00eddo de la selva por un helic\u00f3ptero del Ej\u00e9rcito brasile\u00f1o\u00bb.<\/p>\n<p>&nbsp;<\/p>\n<p>&nbsp;<\/p>\n<h6>VTV<\/h6>\n","protected":false},"excerpt":{"rendered":"<p>El vicepresidente Sectorial de Pol\u00edtica, Seguridad Ciudadana y Paz, Diosdado Cabello, en rueda de prensa, inform\u00f3 que fue desmantelada una nueva operaci\u00f3n terrorista, denominada \u00abOperaci\u00f3n Aurora\u00bb en el pa\u00eds, que&hellip; <\/p>\n","protected":false},"author":7,"featured_media":42292,"comment_status":"closed","ping_status":"closed","sticky":false,"template":"","format":"standard","meta":{"footnotes":""},"categories":[41],"tags":[],"class_list":["post-42291","post","type-post","status-publish","format-standard","has-post-thumbnail","hentry","category-pais"],"_links":{"self":[{"href":"https:\/\/ciudadtrujillo.com\/index.php?rest_route=\/wp\/v2\/posts\/42291","targetHints":{"allow":["GET"]}}],"collection":[{"href":"https:\/\/ciudadtrujillo.com\/index.php?rest_route=\/wp\/v2\/posts"}],"about":[{"href":"https:\/\/ciudadtrujillo.com\/index.php?rest_route=\/wp\/v2\/types\/post"}],"author":[{"embeddable":true,"href":"https:\/\/ciudadtrujillo.com\/index.php?rest_route=\/wp\/v2\/users\/7"}],"replies":[{"embeddable":true,"href":"https:\/\/ciudadtrujillo.com\/index.php?rest_route=%2Fwp%2Fv2%2Fcomments&post=42291"}],"version-history":[{"count":1,"href":"https:\/\/ciudadtrujillo.com\/index.php?rest_route=\/wp\/v2\/posts\/42291\/revisions"}],"predecessor-version":[{"id":42293,"href":"https:\/\/ciudadtrujillo.com\/index.php?rest_route=\/wp\/v2\/posts\/42291\/revisions\/42293"}],"wp:featuredmedia":[{"embeddable":true,"href":"https:\/\/ciudadtrujillo.com\/index.php?rest_route=\/wp\/v2\/media\/42292"}],"wp:attachment":[{"href":"https:\/\/ciudadtrujillo.com\/index.php?rest_route=%2Fwp%2Fv2%2Fmedia&parent=42291"}],"wp:term":[{"taxonomy":"category","embeddable":true,"href":"https:\/\/ciudadtrujillo.com\/index.php?rest_route=%2Fwp%2Fv2%2Fcategories&post=42291"},{"taxonomy":"post_tag","embeddable":true,"href":"https:\/\/ciudadtrujillo.com\/index.php?rest_route=%2Fwp%2Fv2%2Ftags&post=42291"}],"curies":[{"name":"wp","href":"https:\/\/api.w.org\/{rel}","templated":true}]}}