{"id":42285,"date":"2025-02-12T19:30:24","date_gmt":"2025-02-12T23:30:24","guid":{"rendered":"https:\/\/ciudadtrujillo.com\/?p=42285"},"modified":"2025-02-12T19:30:24","modified_gmt":"2025-02-12T23:30:24","slug":"ministro-de-comercio-nacional-anuncio-las-primeras-100-bodegas-comunales-en-trujillo","status":"publish","type":"post","link":"https:\/\/ciudadtrujillo.com\/?p=42285","title":{"rendered":"Ministro de Comercio Nacional anunci\u00f3 las primeras 100 bodegas comunales en Trujillo"},"content":{"rendered":"<p style=\"text-align: justify;\">Como parte del sexto v\u00e9rtice de la Gran Misi\u00f3n Igualdad y Justicia Social \u00abHugo Ch\u00e1vez\u00bb, denominado \u00abEconom\u00eda para la Vida\u00bb, el ministro para el Comercio Nacional, Luis Antonio Villegas, anunci\u00f3 desde el estado Trujillo el financiamiento a las primeras 100 bodegas comunales.<\/p>\n<p style=\"text-align: justify;\">Durante una sesi\u00f3n de trabajo, el ministro Villegas, acompa\u00f1ado por el gobernador de la entidad, Gerardo M\u00e1rquez y el secretario de gobierno, GD Julio Y\u00e9pez Castro, mencion\u00f3 que el gobierno regional evaluar\u00e1 los territorios donde se ejecutar\u00e1 el plan para financiar directamente al bodeguero.<\/p>\n<p style=\"text-align: justify;\">Villegas resalt\u00f3 que iniciar\u00e1n con las primeras 100 bodegas y al saldar el pr\u00e9stamo se continuar\u00e1 con una segunda fase de otros 100 emprendimientos. Tambi\u00e9n explic\u00f3 que este plan va dirigido a las bodegas establecidas que no cuentan con los recursos necesarios de inversi\u00f3n.<\/p>\n<p style=\"text-align: justify;\">Por su parte el gobernador M\u00e1rquez, destac\u00f3 al estado Trujillo por su alta producci\u00f3n, adem\u00e1s de ser una de las entidades con mayor capacidad de pagos crediticios.<\/p>\n<p style=\"text-align: justify;\">\u00abEstoy seguro que para final del a\u00f1o cuando hagamos la evaluaci\u00f3n de las bodegas comunales, Trujillo ser\u00e1 el mejor estado del pa\u00eds en el manejo de ese plan\u00bb, finaliz\u00f3 el mandatario regional.<\/p>\n<p>&nbsp;<\/p>\n<p>&nbsp;<\/p>\n<h6>Rossiel Hurtado\/Gr\u00e1ficas: David V\u00e1squez<\/h6>\n","protected":false},"excerpt":{"rendered":"<p>Como parte del sexto v\u00e9rtice de la Gran Misi\u00f3n Igualdad y Justicia Social \u00abHugo Ch\u00e1vez\u00bb, denominado \u00abEconom\u00eda para la Vida\u00bb, el ministro para el Comercio Nacional, Luis Antonio Villegas, anunci\u00f3&hellip; <\/p>\n","protected":false},"author":7,"featured_media":42286,"comment_status":"closed","ping_status":"closed","sticky":false,"template":"","format":"standard","meta":{"footnotes":""},"categories":[40],"tags":[],"class_list":["post-42285","post","type-post","status-publish","format-standard","has-post-thumbnail","hentry","category-grantrujillo"],"_links":{"self":[{"href":"https:\/\/ciudadtrujillo.com\/index.php?rest_route=\/wp\/v2\/posts\/42285","targetHints":{"allow":["GET"]}}],"collection":[{"href":"https:\/\/ciudadtrujillo.com\/index.php?rest_route=\/wp\/v2\/posts"}],"about":[{"href":"https:\/\/ciudadtrujillo.com\/index.php?rest_route=\/wp\/v2\/types\/post"}],"author":[{"embeddable":true,"href":"https:\/\/ciudadtrujillo.com\/index.php?rest_route=\/wp\/v2\/users\/7"}],"replies":[{"embeddable":true,"href":"https:\/\/ciudadtrujillo.com\/index.php?rest_route=%2Fwp%2Fv2%2Fcomments&post=42285"}],"version-history":[{"count":1,"href":"https:\/\/ciudadtrujillo.com\/index.php?rest_route=\/wp\/v2\/posts\/42285\/revisions"}],"predecessor-version":[{"id":42287,"href":"https:\/\/ciudadtrujillo.com\/index.php?rest_route=\/wp\/v2\/posts\/42285\/revisions\/42287"}],"wp:featuredmedia":[{"embeddable":true,"href":"https:\/\/ciudadtrujillo.com\/index.php?rest_route=\/wp\/v2\/media\/42286"}],"wp:attachment":[{"href":"https:\/\/ciudadtrujillo.com\/index.php?rest_route=%2Fwp%2Fv2%2Fmedia&parent=42285"}],"wp:term":[{"taxonomy":"category","embeddable":true,"href":"https:\/\/ciudadtrujillo.com\/index.php?rest_route=%2Fwp%2Fv2%2Fcategories&post=42285"},{"taxonomy":"post_tag","embeddable":true,"href":"https:\/\/ciudadtrujillo.com\/index.php?rest_route=%2Fwp%2Fv2%2Ftags&post=42285"}],"curies":[{"name":"wp","href":"https:\/\/api.w.org\/{rel}","templated":true}]}}