{"id":42282,"date":"2025-02-12T19:27:43","date_gmt":"2025-02-12T23:27:43","guid":{"rendered":"https:\/\/ciudadtrujillo.com\/?p=42282"},"modified":"2025-02-12T19:27:43","modified_gmt":"2025-02-12T23:27:43","slug":"hoy-el-gobernador-presenta-junto-al-pueblo-la-memoria-y-cuenta-2024","status":"publish","type":"post","link":"https:\/\/ciudadtrujillo.com\/?p=42282","title":{"rendered":"Hoy el Gobernador presenta junto al pueblo la Memoria y Cuenta 2024"},"content":{"rendered":"<p style=\"text-align: justify;\">Hoy, desde el Domo Bolivariano del municipio Valera el gobernador Gerardo M\u00e1rquez presentar\u00e1 junto al pueblo la Memoria y Cuenta e informe de gesti\u00f3n correspondiente al a\u00f1o fiscal 2024.<\/p>\n<p style=\"text-align: justify;\">El acto se llevar\u00e1 a cabo a partir de las 10:00 de la ma\u00f1ana. Acompa\u00f1ado del calor del Poder Popular, el mandatario regional ofrecer\u00e1 un balance detallado de los logros y avances alcanzados en las diferentes \u00e1reas como social, infraestructura y econom\u00eda.<\/p>\n<p style=\"text-align: justify;\">Se espera que el gobernador informe sobre proyectos y obras a ejecutar en pro del progreso del estado en los pr\u00f3ximos meses.<\/p>\n<p>&nbsp;<\/p>\n<h6>Yarlenis Albarr\u00e1n<\/h6>\n","protected":false},"excerpt":{"rendered":"<p>Hoy, desde el Domo Bolivariano del municipio Valera el gobernador Gerardo M\u00e1rquez presentar\u00e1 junto al pueblo la Memoria y Cuenta e informe de gesti\u00f3n correspondiente al a\u00f1o fiscal 2024. El&hellip; <\/p>\n","protected":false},"author":7,"featured_media":42283,"comment_status":"closed","ping_status":"closed","sticky":false,"template":"","format":"standard","meta":{"footnotes":""},"categories":[40],"tags":[],"class_list":["post-42282","post","type-post","status-publish","format-standard","has-post-thumbnail","hentry","category-grantrujillo"],"_links":{"self":[{"href":"https:\/\/ciudadtrujillo.com\/index.php?rest_route=\/wp\/v2\/posts\/42282","targetHints":{"allow":["GET"]}}],"collection":[{"href":"https:\/\/ciudadtrujillo.com\/index.php?rest_route=\/wp\/v2\/posts"}],"about":[{"href":"https:\/\/ciudadtrujillo.com\/index.php?rest_route=\/wp\/v2\/types\/post"}],"author":[{"embeddable":true,"href":"https:\/\/ciudadtrujillo.com\/index.php?rest_route=\/wp\/v2\/users\/7"}],"replies":[{"embeddable":true,"href":"https:\/\/ciudadtrujillo.com\/index.php?rest_route=%2Fwp%2Fv2%2Fcomments&post=42282"}],"version-history":[{"count":1,"href":"https:\/\/ciudadtrujillo.com\/index.php?rest_route=\/wp\/v2\/posts\/42282\/revisions"}],"predecessor-version":[{"id":42284,"href":"https:\/\/ciudadtrujillo.com\/index.php?rest_route=\/wp\/v2\/posts\/42282\/revisions\/42284"}],"wp:featuredmedia":[{"embeddable":true,"href":"https:\/\/ciudadtrujillo.com\/index.php?rest_route=\/wp\/v2\/media\/42283"}],"wp:attachment":[{"href":"https:\/\/ciudadtrujillo.com\/index.php?rest_route=%2Fwp%2Fv2%2Fmedia&parent=42282"}],"wp:term":[{"taxonomy":"category","embeddable":true,"href":"https:\/\/ciudadtrujillo.com\/index.php?rest_route=%2Fwp%2Fv2%2Fcategories&post=42282"},{"taxonomy":"post_tag","embeddable":true,"href":"https:\/\/ciudadtrujillo.com\/index.php?rest_route=%2Fwp%2Fv2%2Ftags&post=42282"}],"curies":[{"name":"wp","href":"https:\/\/api.w.org\/{rel}","templated":true}]}}