{"id":42279,"date":"2025-02-12T19:10:55","date_gmt":"2025-02-12T23:10:55","guid":{"rendered":"https:\/\/ciudadtrujillo.com\/?p=42279"},"modified":"2025-02-12T19:10:55","modified_gmt":"2025-02-12T23:10:55","slug":"inicia-en-el-estado-jornada-nacional-de-vacunacion-puesta-al-dia-contra-la-poliomielitis","status":"publish","type":"post","link":"https:\/\/ciudadtrujillo.com\/?p=42279","title":{"rendered":"Inicia en el estado Jornada Nacional de Vacunaci\u00f3n \u00abPuesta al D\u00eda\u00bb contra la Poliomielitis"},"content":{"rendered":"<p style=\"text-align: justify;\">Gracias a los esfuerzos constantes ejecutados en el pa\u00eds por el Presidente Nicol\u00e1s Maduro, en materia de inmunizaci\u00f3n a trav\u00e9s del Ministerio del Poder Popular para la Salud (MPPS) se realiz\u00f3 la vacunaci\u00f3n efectiva con la Polio Inactiva (IPV) a toda la poblaci\u00f3n infantil de 1 a 8 a\u00f1os de edad para que reciban las dosis establecidas dirigida a los menores de 5 a\u00f1os seg\u00fan el esquema de vacunaci\u00f3n y de 6 a 8 a\u00f1os como dosis adicional, estimando el cumplimiento de una meta establecida de una poblaci\u00f3n de 62 mil 347 infantes en todo el territorio.<\/p>\n<p style=\"text-align: justify;\">Desde las instalaciones de la Unidad Educativa \u00abRosario Almarza\u00bb se desarroll\u00f3 el lanzamiento de la Jornada Nacional de Vacunaci\u00f3n \u00abPuesta al D\u00eda\u00bb, promoviendo la inmunizaci\u00f3n y protecci\u00f3n colectiva contra la poliomielitis, en articulaci\u00f3n con el Programa Salud Va a la Escuela, para su ejecuci\u00f3n en toda la entidad.<\/p>\n<p style=\"text-align: justify;\">Al respecto, la coordinadora regional del Programa Ampliado de Inmunizaci\u00f3n (PAI), Berenice Mar\u00edn, inform\u00f3 que el referido lanzamiento tendr\u00e1 lugar del 10 al 28 de febrero, en los centros de educaci\u00f3n inicial y primaria para captar el mayor n\u00famero de ni\u00f1os y ni\u00f1as, acotando que al un\u00edsono se activaron 180 puntos de vacunaci\u00f3n en las 14 \u00c1reas de Salud Integral Comunitaria (Asic) desplegando las brigadas de salud, as\u00ed como se iniciar\u00e1 con el despliegue casa a casa con el Plan Luci\u00e9rnaga.<\/p>\n<p style=\"text-align: justify;\">Mar\u00edn puntualiz\u00f3, haciendo un llamado a los padres y representantes, para que acudan con sus representados a los puntos de inmunizaci\u00f3n m\u00e1s cercano, presentando la tarjeta de vacunaci\u00f3n, as\u00ed como la debida autorizaci\u00f3n para su aplicaci\u00f3n en los centros educativos.<\/p>\n<p>&nbsp;<\/p>\n<p>&nbsp;<\/p>\n<h6>Prensa regional MPPS\/ Isabel Nu\u00f1ez<\/h6>\n","protected":false},"excerpt":{"rendered":"<p>Gracias a los esfuerzos constantes ejecutados en el pa\u00eds por el Presidente Nicol\u00e1s Maduro, en materia de inmunizaci\u00f3n a trav\u00e9s del Ministerio del Poder Popular para la Salud (MPPS) se&hellip; <\/p>\n","protected":false},"author":7,"featured_media":42280,"comment_status":"closed","ping_status":"closed","sticky":false,"template":"","format":"standard","meta":{"footnotes":""},"categories":[40],"tags":[],"class_list":["post-42279","post","type-post","status-publish","format-standard","has-post-thumbnail","hentry","category-grantrujillo"],"_links":{"self":[{"href":"https:\/\/ciudadtrujillo.com\/index.php?rest_route=\/wp\/v2\/posts\/42279","targetHints":{"allow":["GET"]}}],"collection":[{"href":"https:\/\/ciudadtrujillo.com\/index.php?rest_route=\/wp\/v2\/posts"}],"about":[{"href":"https:\/\/ciudadtrujillo.com\/index.php?rest_route=\/wp\/v2\/types\/post"}],"author":[{"embeddable":true,"href":"https:\/\/ciudadtrujillo.com\/index.php?rest_route=\/wp\/v2\/users\/7"}],"replies":[{"embeddable":true,"href":"https:\/\/ciudadtrujillo.com\/index.php?rest_route=%2Fwp%2Fv2%2Fcomments&post=42279"}],"version-history":[{"count":1,"href":"https:\/\/ciudadtrujillo.com\/index.php?rest_route=\/wp\/v2\/posts\/42279\/revisions"}],"predecessor-version":[{"id":42281,"href":"https:\/\/ciudadtrujillo.com\/index.php?rest_route=\/wp\/v2\/posts\/42279\/revisions\/42281"}],"wp:featuredmedia":[{"embeddable":true,"href":"https:\/\/ciudadtrujillo.com\/index.php?rest_route=\/wp\/v2\/media\/42280"}],"wp:attachment":[{"href":"https:\/\/ciudadtrujillo.com\/index.php?rest_route=%2Fwp%2Fv2%2Fmedia&parent=42279"}],"wp:term":[{"taxonomy":"category","embeddable":true,"href":"https:\/\/ciudadtrujillo.com\/index.php?rest_route=%2Fwp%2Fv2%2Fcategories&post=42279"},{"taxonomy":"post_tag","embeddable":true,"href":"https:\/\/ciudadtrujillo.com\/index.php?rest_route=%2Fwp%2Fv2%2Ftags&post=42279"}],"curies":[{"name":"wp","href":"https:\/\/api.w.org\/{rel}","templated":true}]}}