{"id":42267,"date":"2025-02-12T18:59:27","date_gmt":"2025-02-12T22:59:27","guid":{"rendered":"https:\/\/ciudadtrujillo.com\/?p=42267"},"modified":"2025-02-12T18:59:27","modified_gmt":"2025-02-12T22:59:27","slug":"piraguismo-criollo-compite-en-francia-para-ascender-en-ranking-mundial","status":"publish","type":"post","link":"https:\/\/ciudadtrujillo.com\/?p=42267","title":{"rendered":"Pirag\u00fcismo criollo compite en Francia para ascender en ranking mundial"},"content":{"rendered":"<p style=\"text-align: justify;\">El equipo de pirag\u00fcismo de Venezuela particip\u00f3 en la competencia del ranking mundial, que se desarroll\u00f3 en la Isla de la Reuni\u00f3n de Francia, en la modalidad de Slalom. Dicho evento abri\u00f3 la clasificaci\u00f3n ol\u00edmpica a Los \u00c1ngeles 2028, v\u00e1lida puntuable para el ranking internacional. Asimismo, la secretaria General de la Federaci\u00f3n Venezolana de Canotaje (FVC), Ana Rivero, resalt\u00f3 la importancia de la participaci\u00f3n de los criollos en esta v\u00e1lida mundial.<\/p>\n<p style=\"text-align: justify;\">La delegaci\u00f3n conformada por Alexis P\u00e9rez, Jos\u00e9 Silva y Kevin Vegas, lograron mejorar sus marcas, mediante una serie de resultados en un conjunto de modalidades, incluidas, el Trial Kayak Extremo, en el cual se ubicaron en la octava posici\u00f3n; Kayak Slalom en la cual alcanzaron la casilla n\u00famero 20; y en Canoa Slalom se posicionaron en el puesto 16.<\/p>\n<p style=\"text-align: justify;\">\u00abEs un evento de gran importancia que nos permite dar apertura del r\u00e1nking mundial, donde debimos sumar significativos puntos, que contribuir\u00e1n a la clasificaci\u00f3n ol\u00edmpica y logramos mejorar las marcas de los \u00faltimos dos a\u00f1os\u00bb. seg\u00fan expres\u00f3 Rivero, quien visualiza con optimismo las habilidades de los atletas venezolanos.<\/p>\n<p style=\"text-align: justify;\">No obstante, debido a la reciente actualizaci\u00f3n del ranking, Venezuela solo podr\u00e1 participar en eventos mundiales habilitados para la sumatoria de puntos. Por consiguiente, la segunda parada para los criollos ser\u00e1 en el Campeonato Panamericano del 24 al 26 y del 28 al 30 febrero la Competencia de Racing ICF en Canotaje Slalom, ambas en Estados Unidos.<\/p>\n<p>&nbsp;<\/p>\n<p>&nbsp;<\/p>\n<h6>VTV<\/h6>\n","protected":false},"excerpt":{"rendered":"<p>El equipo de pirag\u00fcismo de Venezuela particip\u00f3 en la competencia del ranking mundial, que se desarroll\u00f3 en la Isla de la Reuni\u00f3n de Francia, en la modalidad de Slalom. Dicho&hellip; <\/p>\n","protected":false},"author":7,"featured_media":42268,"comment_status":"closed","ping_status":"closed","sticky":false,"template":"","format":"standard","meta":{"footnotes":""},"categories":[44],"tags":[],"class_list":["post-42267","post","type-post","status-publish","format-standard","has-post-thumbnail","hentry","category-deportes"],"_links":{"self":[{"href":"https:\/\/ciudadtrujillo.com\/index.php?rest_route=\/wp\/v2\/posts\/42267","targetHints":{"allow":["GET"]}}],"collection":[{"href":"https:\/\/ciudadtrujillo.com\/index.php?rest_route=\/wp\/v2\/posts"}],"about":[{"href":"https:\/\/ciudadtrujillo.com\/index.php?rest_route=\/wp\/v2\/types\/post"}],"author":[{"embeddable":true,"href":"https:\/\/ciudadtrujillo.com\/index.php?rest_route=\/wp\/v2\/users\/7"}],"replies":[{"embeddable":true,"href":"https:\/\/ciudadtrujillo.com\/index.php?rest_route=%2Fwp%2Fv2%2Fcomments&post=42267"}],"version-history":[{"count":1,"href":"https:\/\/ciudadtrujillo.com\/index.php?rest_route=\/wp\/v2\/posts\/42267\/revisions"}],"predecessor-version":[{"id":42269,"href":"https:\/\/ciudadtrujillo.com\/index.php?rest_route=\/wp\/v2\/posts\/42267\/revisions\/42269"}],"wp:featuredmedia":[{"embeddable":true,"href":"https:\/\/ciudadtrujillo.com\/index.php?rest_route=\/wp\/v2\/media\/42268"}],"wp:attachment":[{"href":"https:\/\/ciudadtrujillo.com\/index.php?rest_route=%2Fwp%2Fv2%2Fmedia&parent=42267"}],"wp:term":[{"taxonomy":"category","embeddable":true,"href":"https:\/\/ciudadtrujillo.com\/index.php?rest_route=%2Fwp%2Fv2%2Fcategories&post=42267"},{"taxonomy":"post_tag","embeddable":true,"href":"https:\/\/ciudadtrujillo.com\/index.php?rest_route=%2Fwp%2Fv2%2Ftags&post=42267"}],"curies":[{"name":"wp","href":"https:\/\/api.w.org\/{rel}","templated":true}]}}