{"id":42260,"date":"2025-02-11T19:09:56","date_gmt":"2025-02-11T23:09:56","guid":{"rendered":"https:\/\/ciudadtrujillo.com\/?p=42260"},"modified":"2025-02-11T19:09:56","modified_gmt":"2025-02-11T23:09:56","slug":"gobierno-regional-honra-atletas-de-juegos-deportivos-nacionales-y-paranacionales","status":"publish","type":"post","link":"https:\/\/ciudadtrujillo.com\/?p=42260","title":{"rendered":"Gobierno regional honra atletas de Juegos Deportivos Nacionales y Paranacionales"},"content":{"rendered":"<p style=\"text-align: justify;\">Como reconocimiento al desempe\u00f1o y destacada participaci\u00f3n de los atletas y paratletas trujillanos en los Juegos Deportivos Nacionales y Paranacionales Oriente 2024, el gobierno regional honr\u00f3 este martes a los medallistas y sus entrenadores a fin de homenajear el esfuerzo que llen\u00f3 de gloria al estado.<\/p>\n<p style=\"text-align: justify;\">Un total de 113 atletas, paratletas y entrenadores recibieron reconocimientos por su potencial deportivo. Desde el Sal\u00f3n El\u00edptico del Palacio de Gobierno, el mandatario regional Gerardo M\u00e1rquez felicit\u00f3 a la delegaci\u00f3n trujillana por las m\u00e1s de 40 medallas conquistadas y afirm\u00f3 que \u201cseguiremos trabajando para que Trujillo sea tomado en cuenta como sede para las competencias nacionales\u201d.<\/p>\n<p style=\"text-align: justify;\">Para ello, record\u00f3 que mejorar\u00e1n el Polideportivo de Valera, que se llamar\u00e1 Ciudad Deportiva y Recreativa del estado Trujillo, para continuar impulsando el crecimiento en esta \u00e1rea.<\/p>\n<p style=\"text-align: justify;\">Por su parte, el presidente del INDET, Jes\u00fas \u201cTrompo\u201d Gonz\u00e1lez, reconoci\u00f3 la dedicaci\u00f3n de los trujillanos, \u201cno es f\u00e1cil obtener medallas en una de las mejores competencias de Venezuela\u201d y agradeci\u00f3 el apoyo del Presidente Nicol\u00e1s Maduro y el gobernador a los atletas.<\/p>\n<p style=\"text-align: justify;\">Gilary Araujo, medallista de oro y plata en la disciplina de ajedrez, expres\u00f3: \u201cagradecida principalmente con el gobernador Gerardo M\u00e1rquez quien siempre nos brind\u00f3 su apoyo, fueron muchos meses de preparaci\u00f3n para esta ardua competencia y logramos el objetivo al obtener las preseas\u201d.<\/p>\n<p>&nbsp;<\/p>\n<p>&nbsp;<\/p>\n<h6>Yarlenis Albarr\u00e1n\/ Gianella Graterol\/Gr\u00e1ficas: David V\u00e1squez<\/h6>\n","protected":false},"excerpt":{"rendered":"<p>Como reconocimiento al desempe\u00f1o y destacada participaci\u00f3n de los atletas y paratletas trujillanos en los Juegos Deportivos Nacionales y Paranacionales Oriente 2024, el gobierno regional honr\u00f3 este martes a los&hellip; <\/p>\n","protected":false},"author":7,"featured_media":42261,"comment_status":"closed","ping_status":"closed","sticky":false,"template":"","format":"standard","meta":{"footnotes":""},"categories":[52,40],"tags":[],"class_list":["post-42260","post","type-post","status-publish","format-standard","has-post-thumbnail","hentry","category-destacadas","category-grantrujillo"],"_links":{"self":[{"href":"https:\/\/ciudadtrujillo.com\/index.php?rest_route=\/wp\/v2\/posts\/42260","targetHints":{"allow":["GET"]}}],"collection":[{"href":"https:\/\/ciudadtrujillo.com\/index.php?rest_route=\/wp\/v2\/posts"}],"about":[{"href":"https:\/\/ciudadtrujillo.com\/index.php?rest_route=\/wp\/v2\/types\/post"}],"author":[{"embeddable":true,"href":"https:\/\/ciudadtrujillo.com\/index.php?rest_route=\/wp\/v2\/users\/7"}],"replies":[{"embeddable":true,"href":"https:\/\/ciudadtrujillo.com\/index.php?rest_route=%2Fwp%2Fv2%2Fcomments&post=42260"}],"version-history":[{"count":1,"href":"https:\/\/ciudadtrujillo.com\/index.php?rest_route=\/wp\/v2\/posts\/42260\/revisions"}],"predecessor-version":[{"id":42262,"href":"https:\/\/ciudadtrujillo.com\/index.php?rest_route=\/wp\/v2\/posts\/42260\/revisions\/42262"}],"wp:featuredmedia":[{"embeddable":true,"href":"https:\/\/ciudadtrujillo.com\/index.php?rest_route=\/wp\/v2\/media\/42261"}],"wp:attachment":[{"href":"https:\/\/ciudadtrujillo.com\/index.php?rest_route=%2Fwp%2Fv2%2Fmedia&parent=42260"}],"wp:term":[{"taxonomy":"category","embeddable":true,"href":"https:\/\/ciudadtrujillo.com\/index.php?rest_route=%2Fwp%2Fv2%2Fcategories&post=42260"},{"taxonomy":"post_tag","embeddable":true,"href":"https:\/\/ciudadtrujillo.com\/index.php?rest_route=%2Fwp%2Fv2%2Ftags&post=42260"}],"curies":[{"name":"wp","href":"https:\/\/api.w.org\/{rel}","templated":true}]}}