{"id":42257,"date":"2025-02-11T19:06:18","date_gmt":"2025-02-11T23:06:18","guid":{"rendered":"https:\/\/ciudadtrujillo.com\/?p=42257"},"modified":"2025-02-11T19:06:18","modified_gmt":"2025-02-11T23:06:18","slug":"ejecutivo-regional-rehabilita-via-agricola-de-la-ovejera-en-santa-ana","status":"publish","type":"post","link":"https:\/\/ciudadtrujillo.com\/?p=42257","title":{"rendered":"Ejecutivo regional rehabilita v\u00eda agr\u00edcola de La Ovejera en Santa Ana"},"content":{"rendered":"<p style=\"text-align: justify;\">Como parte del af\u00e1n del gobernador de la entidad, Gerardo M\u00e1rquez, en favorecer a los productores de Trujillo, contin\u00faan los trabajos de recuperaci\u00f3n de las v\u00edas agr\u00edcolas en el sector La Ovejera, parroquia Santa Ana del municipio Pamp\u00e1n.<\/p>\n<p style=\"text-align: justify;\">La informaci\u00f3n se dio a conocer tras una inspecci\u00f3n a las labores ejecutadas en el sitio, por parte de la Direcci\u00f3n de Desarrollo Agroecol\u00f3gico, en la que tambi\u00e9n se desarroll\u00f3 una reuni\u00f3n de trabajo para planificar y poner en marcha actividades relacionadas al sector agroproductivo y a la vialidad agr\u00edcola.<\/p>\n<p style=\"text-align: justify;\">Los productores organizados han manifestado su agradecimiento al mandatario regional por la rehabilitaci\u00f3n de toda la v\u00eda agr\u00edcola de este sector y comunidades adyacentes.<\/p>\n<p>&nbsp;<\/p>\n<p>&nbsp;<\/p>\n<h6>Prensa Desarrollo Agroecol\u00f3gico<\/h6>\n","protected":false},"excerpt":{"rendered":"<p>Como parte del af\u00e1n del gobernador de la entidad, Gerardo M\u00e1rquez, en favorecer a los productores de Trujillo, contin\u00faan los trabajos de recuperaci\u00f3n de las v\u00edas agr\u00edcolas en el sector&hellip; <\/p>\n","protected":false},"author":7,"featured_media":42258,"comment_status":"closed","ping_status":"closed","sticky":false,"template":"","format":"standard","meta":{"footnotes":""},"categories":[40],"tags":[],"class_list":["post-42257","post","type-post","status-publish","format-standard","has-post-thumbnail","hentry","category-grantrujillo"],"_links":{"self":[{"href":"https:\/\/ciudadtrujillo.com\/index.php?rest_route=\/wp\/v2\/posts\/42257","targetHints":{"allow":["GET"]}}],"collection":[{"href":"https:\/\/ciudadtrujillo.com\/index.php?rest_route=\/wp\/v2\/posts"}],"about":[{"href":"https:\/\/ciudadtrujillo.com\/index.php?rest_route=\/wp\/v2\/types\/post"}],"author":[{"embeddable":true,"href":"https:\/\/ciudadtrujillo.com\/index.php?rest_route=\/wp\/v2\/users\/7"}],"replies":[{"embeddable":true,"href":"https:\/\/ciudadtrujillo.com\/index.php?rest_route=%2Fwp%2Fv2%2Fcomments&post=42257"}],"version-history":[{"count":1,"href":"https:\/\/ciudadtrujillo.com\/index.php?rest_route=\/wp\/v2\/posts\/42257\/revisions"}],"predecessor-version":[{"id":42259,"href":"https:\/\/ciudadtrujillo.com\/index.php?rest_route=\/wp\/v2\/posts\/42257\/revisions\/42259"}],"wp:featuredmedia":[{"embeddable":true,"href":"https:\/\/ciudadtrujillo.com\/index.php?rest_route=\/wp\/v2\/media\/42258"}],"wp:attachment":[{"href":"https:\/\/ciudadtrujillo.com\/index.php?rest_route=%2Fwp%2Fv2%2Fmedia&parent=42257"}],"wp:term":[{"taxonomy":"category","embeddable":true,"href":"https:\/\/ciudadtrujillo.com\/index.php?rest_route=%2Fwp%2Fv2%2Fcategories&post=42257"},{"taxonomy":"post_tag","embeddable":true,"href":"https:\/\/ciudadtrujillo.com\/index.php?rest_route=%2Fwp%2Fv2%2Ftags&post=42257"}],"curies":[{"name":"wp","href":"https:\/\/api.w.org\/{rel}","templated":true}]}}