{"id":42222,"date":"2025-02-10T20:01:14","date_gmt":"2025-02-11T00:01:14","guid":{"rendered":"https:\/\/ciudadtrujillo.com\/?p=42222"},"modified":"2025-02-10T20:01:14","modified_gmt":"2025-02-11T00:01:14","slug":"intt-despliega-equipo-en-san-rafael-de-carvajal-para-promover-la-seguridad-vial","status":"publish","type":"post","link":"https:\/\/ciudadtrujillo.com\/?p=42222","title":{"rendered":"INTT despliega equipo en San Rafael de Carvajal para promover la seguridad vial"},"content":{"rendered":"<p style=\"text-align: justify;\">Con el objetivo de promover la seguridad vial y el respeto a las normas de tr\u00e1nsito, los funcionarios del Instituto Nacional de Transporte Terrestre (INTT) de Valera, se encuentran desplegados en el Punto de Atenci\u00f3n al Ciudadano (PAC) \u00abEl Turagual\u00bb, ubicado en el sector El Turagual, espec\u00edficamente en la parroquia Jos\u00e9 Leonardo Su\u00e1rez, municipio San Rafael de Carvajal, estado Trujillo. Esta actividad busca orientar a conductores sobre la importancia del cumplimiento de las regulaciones que rigen la circulaci\u00f3n en nuestras v\u00edas.<\/p>\n<p style=\"text-align: justify;\">Durante esta jornada, los funcionarios brindan informaci\u00f3n sobre el respeto a las se\u00f1ales de tr\u00e1nsito, as\u00ed como la necesidad del uso adecuado del casco protector para motociclistas y del cintur\u00f3n de seguridad para todos los ocupantes de los veh\u00edculos.<\/p>\n<p style=\"text-align: justify;\">La instituci\u00f3n reitera su compromiso con la educaci\u00f3n y concienciaci\u00f3n vial, buscando reducir los accidentes de tr\u00e1nsito y fomentar un entorno seguro para los trujillanos.<\/p>\n<p>&nbsp;<\/p>\n<p>&nbsp;<\/p>\n<h6>Gianella Graterol\/Gr\u00e1ficas: Cortes\u00eda<\/h6>\n","protected":false},"excerpt":{"rendered":"<p>Con el objetivo de promover la seguridad vial y el respeto a las normas de tr\u00e1nsito, los funcionarios del Instituto Nacional de Transporte Terrestre (INTT) de Valera, se encuentran desplegados&hellip; <\/p>\n","protected":false},"author":7,"featured_media":42223,"comment_status":"closed","ping_status":"closed","sticky":false,"template":"","format":"standard","meta":{"footnotes":""},"categories":[40],"tags":[],"class_list":["post-42222","post","type-post","status-publish","format-standard","has-post-thumbnail","hentry","category-grantrujillo"],"_links":{"self":[{"href":"https:\/\/ciudadtrujillo.com\/index.php?rest_route=\/wp\/v2\/posts\/42222","targetHints":{"allow":["GET"]}}],"collection":[{"href":"https:\/\/ciudadtrujillo.com\/index.php?rest_route=\/wp\/v2\/posts"}],"about":[{"href":"https:\/\/ciudadtrujillo.com\/index.php?rest_route=\/wp\/v2\/types\/post"}],"author":[{"embeddable":true,"href":"https:\/\/ciudadtrujillo.com\/index.php?rest_route=\/wp\/v2\/users\/7"}],"replies":[{"embeddable":true,"href":"https:\/\/ciudadtrujillo.com\/index.php?rest_route=%2Fwp%2Fv2%2Fcomments&post=42222"}],"version-history":[{"count":1,"href":"https:\/\/ciudadtrujillo.com\/index.php?rest_route=\/wp\/v2\/posts\/42222\/revisions"}],"predecessor-version":[{"id":42224,"href":"https:\/\/ciudadtrujillo.com\/index.php?rest_route=\/wp\/v2\/posts\/42222\/revisions\/42224"}],"wp:featuredmedia":[{"embeddable":true,"href":"https:\/\/ciudadtrujillo.com\/index.php?rest_route=\/wp\/v2\/media\/42223"}],"wp:attachment":[{"href":"https:\/\/ciudadtrujillo.com\/index.php?rest_route=%2Fwp%2Fv2%2Fmedia&parent=42222"}],"wp:term":[{"taxonomy":"category","embeddable":true,"href":"https:\/\/ciudadtrujillo.com\/index.php?rest_route=%2Fwp%2Fv2%2Fcategories&post=42222"},{"taxonomy":"post_tag","embeddable":true,"href":"https:\/\/ciudadtrujillo.com\/index.php?rest_route=%2Fwp%2Fv2%2Ftags&post=42222"}],"curies":[{"name":"wp","href":"https:\/\/api.w.org\/{rel}","templated":true}]}}