{"id":42206,"date":"2025-02-10T19:45:13","date_gmt":"2025-02-10T23:45:13","guid":{"rendered":"https:\/\/ciudadtrujillo.com\/?p=42206"},"modified":"2025-02-10T19:45:13","modified_gmt":"2025-02-10T23:45:13","slug":"iran-celebra-aniversario-46-de-la-revolucion-islamica-con-multitudinarias-marchas","status":"publish","type":"post","link":"https:\/\/ciudadtrujillo.com\/?p=42206","title":{"rendered":"Ir\u00e1n celebra aniversario 46 de la Revoluci\u00f3n Isl\u00e1mica con multitudinarias marchas"},"content":{"rendered":"<p style=\"text-align: justify;\">El pueblo iran\u00ed celebra el 46 aniversario de la Revoluci\u00f3n Isl\u00e1mica este lunes con la tradicional marcha del 22 de Bahman. Teher\u00e1n se convirti\u00f3 en el epicentro de la movilizaci\u00f3n, con una gran afluencia de ciudadanos que ondeaban la bandera iran\u00ed y portaban pancartas en defensa de los principios de la Revoluci\u00f3n.<\/p>\n<p style=\"text-align: justify;\">Durante el evento, el presidente de ese pa\u00eds, Masoud Pezeshkian, dirigi\u00f3 un discurso en el que reafirm\u00f3 la determinaci\u00f3n del Gobierno y el pueblo iran\u00ed frente a las presiones externas, adem\u00e1s de asegurar que Ir\u00e1n \u00abjam\u00e1s inclinar\u00e1 la cabeza ante los extranjeros. No buscamos la guerra, pero el enemigo ha intentado generar conflictos desde el primer d\u00eda\u201d. Asimismo, desestim\u00f3 las afirmaciones de que el pa\u00eds se encuentra debilitado, calific\u00e1ndolas como \u201cmeras ilusiones de nuestros enemigos\u201d.<\/p>\n<p style=\"text-align: justify;\">El mandatario tambi\u00e9n se refiri\u00f3 a las acusaciones del Gobierno de Estados Unidos (EE.UU.), relacionadas con el papel de Ir\u00e1n en la regi\u00f3n. En ese sentido, expres\u00f3 que es la entidad sionista de Israel con el apoyo de las potencias occidentales quien desestabiliza y mata a personas en Gaza, L\u00edbano y Siria. Igualmente, se\u00f1al\u00f3 que los recientes ataques contra l\u00edderes palestinos en territorio iran\u00ed buscan socavar la unidad del pa\u00eds.<\/p>\n<p style=\"text-align: justify;\">\u201cSi defendemos a Gaza y Palestina, estamos defendiendo a los oprimidos. Si buscan promover la paz en la regi\u00f3n, no defiendan la opresi\u00f3n, la agresi\u00f3n y la injusticia\u201d, sostuvo. Pezeshkian hizo un llamado a la uni\u00f3n nacional para enfrentar lo que calific\u00f3 como una guerra econ\u00f3mica total y exhort\u00f3 a los ciudadanos a superar diferencias internas y trabajar unidos bajo los principios de la Revoluci\u00f3n isl\u00e1mica. \u201cEstamos en una guerra econ\u00f3mica total y debemos enfrentarla con nuestra unidad\u201d, asever\u00f3.<\/p>\n<p style=\"text-align: justify;\">El jefe de Estado iran\u00ed tambi\u00e9n critic\u00f3 la pol\u00edtica de Washington hacia Ir\u00e1n y denunci\u00f3 la contradicci\u00f3n entre la supuesta disposici\u00f3n de Trump a negociar y la imposici\u00f3n de nuevas sanciones econ\u00f3micas destinadas a paralizar las exportaciones petroleras del pa\u00eds. Las multitudinarias marchas del 22 de Bahman reafirmaron, una vez m\u00e1s, el respaldo de la poblaci\u00f3n iran\u00ed al legado de la Revoluci\u00f3n Isl\u00e1mica con un mensaje de resistencia ante las presiones externas.<\/p>\n<p style=\"text-align: justify;\">En 1979, la Revoluci\u00f3n Isl\u00e1mica puso fin a la monarqu\u00eda Pahlavi, un r\u00e9gimen respaldado por Estados Unidos que durante d\u00e9cadas gobern\u00f3 con represi\u00f3n y servilismo a los intereses extranjeros. El pueblo iran\u00ed, liderado por el ayatol\u00e1 Jomeini, se alz\u00f3 contra la injusticia y derroc\u00f3 al sha Mohammad Reza Pahlavi para posteriormente establecer un sistema basado en principios isl\u00e1micos y soberan\u00eda nacional.<\/p>\n<p style=\"text-align: justify;\">Uno de los aspectos m\u00e1s significativos de la jornada fue la participaci\u00f3n activa de los j\u00f3venes en las manifestaciones, lo que evidenci\u00f3 la continuidad del esp\u00edritu revolucionario entre las nuevas generaciones.<\/p>\n<p>&nbsp;<\/p>\n<p>&nbsp;<\/p>\n<h6>VTV<\/h6>\n","protected":false},"excerpt":{"rendered":"<p>El pueblo iran\u00ed celebra el 46 aniversario de la Revoluci\u00f3n Isl\u00e1mica este lunes con la tradicional marcha del 22 de Bahman. Teher\u00e1n se convirti\u00f3 en el epicentro de la movilizaci\u00f3n,&hellip; <\/p>\n","protected":false},"author":7,"featured_media":42207,"comment_status":"closed","ping_status":"closed","sticky":false,"template":"","format":"standard","meta":{"footnotes":""},"categories":[42],"tags":[],"class_list":["post-42206","post","type-post","status-publish","format-standard","has-post-thumbnail","hentry","category-mundo"],"_links":{"self":[{"href":"https:\/\/ciudadtrujillo.com\/index.php?rest_route=\/wp\/v2\/posts\/42206","targetHints":{"allow":["GET"]}}],"collection":[{"href":"https:\/\/ciudadtrujillo.com\/index.php?rest_route=\/wp\/v2\/posts"}],"about":[{"href":"https:\/\/ciudadtrujillo.com\/index.php?rest_route=\/wp\/v2\/types\/post"}],"author":[{"embeddable":true,"href":"https:\/\/ciudadtrujillo.com\/index.php?rest_route=\/wp\/v2\/users\/7"}],"replies":[{"embeddable":true,"href":"https:\/\/ciudadtrujillo.com\/index.php?rest_route=%2Fwp%2Fv2%2Fcomments&post=42206"}],"version-history":[{"count":1,"href":"https:\/\/ciudadtrujillo.com\/index.php?rest_route=\/wp\/v2\/posts\/42206\/revisions"}],"predecessor-version":[{"id":42208,"href":"https:\/\/ciudadtrujillo.com\/index.php?rest_route=\/wp\/v2\/posts\/42206\/revisions\/42208"}],"wp:featuredmedia":[{"embeddable":true,"href":"https:\/\/ciudadtrujillo.com\/index.php?rest_route=\/wp\/v2\/media\/42207"}],"wp:attachment":[{"href":"https:\/\/ciudadtrujillo.com\/index.php?rest_route=%2Fwp%2Fv2%2Fmedia&parent=42206"}],"wp:term":[{"taxonomy":"category","embeddable":true,"href":"https:\/\/ciudadtrujillo.com\/index.php?rest_route=%2Fwp%2Fv2%2Fcategories&post=42206"},{"taxonomy":"post_tag","embeddable":true,"href":"https:\/\/ciudadtrujillo.com\/index.php?rest_route=%2Fwp%2Fv2%2Ftags&post=42206"}],"curies":[{"name":"wp","href":"https:\/\/api.w.org\/{rel}","templated":true}]}}