{"id":42131,"date":"2025-02-05T18:47:08","date_gmt":"2025-02-05T22:47:08","guid":{"rendered":"https:\/\/ciudadtrujillo.com\/?p=42131"},"modified":"2025-02-05T18:47:08","modified_gmt":"2025-02-05T22:47:08","slug":"segundo-dia-del-v-congreso-del-psuv-abordo-la-conformacion-del-bloque-historico","status":"publish","type":"post","link":"https:\/\/ciudadtrujillo.com\/?p=42131","title":{"rendered":"Segundo d\u00eda del V Congreso del PSUV abord\u00f3 la Conformaci\u00f3n del Bloque Hist\u00f3rico"},"content":{"rendered":"<p style=\"text-align: justify;\">El segundo d\u00eda de la Plenaria Extraordinaria del V Congreso del Partido Socialista Unido de Venezuela (PSUV) inici\u00f3 con la ponencia Conformaci\u00f3n del Bloque Hist\u00f3rico, a trav\u00e9s del miembro de la direcci\u00f3n nacional de la tolda roja, Francisco Ameliach, quien destac\u00f3 la importancia de conocer las 7T emanadas por el Presidente de la Rep\u00fablica Bolivariana de Venezuela, Nicol\u00e1s Maduro, para avanzar en la nueva \u00e9poca de transici\u00f3n al socialismo.<\/p>\n<p style=\"text-align: justify;\">En base a eso, indic\u00f3 que deben planificar y ejecutar esa transici\u00f3n, de manera que se busque la unidad del pueblo \u00aby uno de los elementos fundamentales es c\u00f3mo se va a hacer, c\u00f3mo lo vamos a implementar, porque tenemos los fundamentos de c\u00f3mo nos vamos a organizar en este bloque, que se basa en la Ley Constituyente del Plan de la Patria\u00bb.<\/p>\n<p style=\"text-align: justify;\">Por su parte, el tambi\u00e9n miembro de la militancia del PSUV y vicepresidente sectorial de Planificaci\u00f3n, Ricardo Men\u00e9ndez, destac\u00f3 que debe haber un liderazgo colectivo en la Revoluci\u00f3n y debe hacerse desde la calle. A su vez, insisti\u00f3 en que si un sector pol\u00edtico busque Venezuela no sea una naci\u00f3n, no es solamente un acto de traici\u00f3n, sino un desaf\u00edo del momento hist\u00f3rico que deben construir todos los venezolanos.<\/p>\n<p style=\"text-align: justify;\">Recalc\u00f3 que un sector de la extrema derecha buscaba en el 2014, una guerra civil, en el a\u00f1o 2015, buscaba fraguar unas condiciones para una intervenci\u00f3n desde el punto de vista internacional. \u00abEstos aspectos buscaron fracturar nuestra Rep\u00fablica, pero una de las estocadas finales fueron las llamadas sanciones para da\u00f1ar la econom\u00eda del pa\u00eds\u00bb, dijo.<\/p>\n<p style=\"text-align: justify;\">En ese sentido, agreg\u00f3 que el Comandante Hugo Ch\u00e1vez, en momento de dificultad llam\u00f3 al pueblo venezolano y a levantar la Constituci\u00f3n, \u00ablo que tiene que ver c\u00f3mo la Revoluci\u00f3n Bolivariana ataca todas las crisis que se presentan en el pa\u00eds y es por ello que en el 2017 el presidente Maduro, convoca al pueblo a la AN Constituyente porque la paz es la consigna fundamental y la consigna de la defensa y construcci\u00f3n de la Revoluci\u00f3n. El ataque se ha hecho para disolver la Rep\u00fablica, para que no existamos como naci\u00f3n\u00bb.<\/p>\n<p>&nbsp;<\/p>\n<p>&nbsp;<\/p>\n<h6>VTV<\/h6>\n","protected":false},"excerpt":{"rendered":"<p>El segundo d\u00eda de la Plenaria Extraordinaria del V Congreso del Partido Socialista Unido de Venezuela (PSUV) inici\u00f3 con la ponencia Conformaci\u00f3n del Bloque Hist\u00f3rico, a trav\u00e9s del miembro de&hellip; <\/p>\n","protected":false},"author":7,"featured_media":42132,"comment_status":"closed","ping_status":"closed","sticky":false,"template":"","format":"standard","meta":{"footnotes":""},"categories":[41],"tags":[],"class_list":["post-42131","post","type-post","status-publish","format-standard","has-post-thumbnail","hentry","category-pais"],"_links":{"self":[{"href":"https:\/\/ciudadtrujillo.com\/index.php?rest_route=\/wp\/v2\/posts\/42131","targetHints":{"allow":["GET"]}}],"collection":[{"href":"https:\/\/ciudadtrujillo.com\/index.php?rest_route=\/wp\/v2\/posts"}],"about":[{"href":"https:\/\/ciudadtrujillo.com\/index.php?rest_route=\/wp\/v2\/types\/post"}],"author":[{"embeddable":true,"href":"https:\/\/ciudadtrujillo.com\/index.php?rest_route=\/wp\/v2\/users\/7"}],"replies":[{"embeddable":true,"href":"https:\/\/ciudadtrujillo.com\/index.php?rest_route=%2Fwp%2Fv2%2Fcomments&post=42131"}],"version-history":[{"count":1,"href":"https:\/\/ciudadtrujillo.com\/index.php?rest_route=\/wp\/v2\/posts\/42131\/revisions"}],"predecessor-version":[{"id":42133,"href":"https:\/\/ciudadtrujillo.com\/index.php?rest_route=\/wp\/v2\/posts\/42131\/revisions\/42133"}],"wp:featuredmedia":[{"embeddable":true,"href":"https:\/\/ciudadtrujillo.com\/index.php?rest_route=\/wp\/v2\/media\/42132"}],"wp:attachment":[{"href":"https:\/\/ciudadtrujillo.com\/index.php?rest_route=%2Fwp%2Fv2%2Fmedia&parent=42131"}],"wp:term":[{"taxonomy":"category","embeddable":true,"href":"https:\/\/ciudadtrujillo.com\/index.php?rest_route=%2Fwp%2Fv2%2Fcategories&post=42131"},{"taxonomy":"post_tag","embeddable":true,"href":"https:\/\/ciudadtrujillo.com\/index.php?rest_route=%2Fwp%2Fv2%2Ftags&post=42131"}],"curies":[{"name":"wp","href":"https:\/\/api.w.org\/{rel}","templated":true}]}}