{"id":42111,"date":"2025-02-04T19:38:51","date_gmt":"2025-02-04T23:38:51","guid":{"rendered":"https:\/\/ciudadtrujillo.com\/?p=42111"},"modified":"2025-02-04T19:38:51","modified_gmt":"2025-02-04T23:38:51","slug":"trujillanos-se-unieron-a-la-movilizacion-nacional-en-honor-al-dia-de-la-dignidad","status":"publish","type":"post","link":"https:\/\/ciudadtrujillo.com\/?p=42111","title":{"rendered":"Trujillanos se unieron a la movilizaci\u00f3n nacional en honor al D\u00eda de la Dignidad"},"content":{"rendered":"<p style=\"text-align: justify;\">As\u00ed como se ten\u00eda previsto, este martes los venezolanos conmemoraron el glorioso 4 de Febrero con una gran movilizaci\u00f3n en la Gran Caracas. La delegaci\u00f3n trujillana se hizo presente para celebrar esta fecha hist\u00f3rica que marc\u00f3 el rumbo del pueblo.<\/p>\n<p style=\"text-align: justify;\">El recorrido inici\u00f3 desde Plaza Venezuela con destino hacia el Paseo Los Pr\u00f3ceres, donde el secretario de gobierno, GD Julio Y\u00e9pez Castro, aprovech\u00f3 la oportunidad de recordar una de las frases del Comandante Hugo Ch\u00e1vez, enfatizando que aquel \u00abPor Ahora\u00bb se ha convertido en un \u00abPara Siempre\u00bb. Al tiempo, asever\u00f3 que la Revoluci\u00f3n contin\u00faa haci\u00e9ndose irreversible.<\/p>\n<p style=\"text-align: justify;\">Asimismo, una de las trujillanas presentes, Zoraida Su\u00e1rez, se\u00f1al\u00f3 que una vez m\u00e1s se demuestra el apoyo al Presidente Nicol\u00e1s Maduro al seguir el legado del Gigante de Am\u00e9rica.<\/p>\n<p style=\"text-align: justify;\">Es importante destacar que este 4 de febrero comenz\u00f3 el congreso del partido, el cual se extender\u00e1 hasta el pr\u00f3ximo jueves, con el prop\u00f3sito de debatir puntos fundamentales de cara a las elecciones del 27 de abril.<\/p>\n<p>&nbsp;<\/p>\n<p>&nbsp;<\/p>\n<h6>Ciudad Trujillo\/Gr\u00e1ficas: David V\u00e1squez<\/h6>\n","protected":false},"excerpt":{"rendered":"<p>As\u00ed como se ten\u00eda previsto, este martes los venezolanos conmemoraron el glorioso 4 de Febrero con una gran movilizaci\u00f3n en la Gran Caracas. La delegaci\u00f3n trujillana se hizo presente para&hellip; <\/p>\n","protected":false},"author":7,"featured_media":42112,"comment_status":"closed","ping_status":"closed","sticky":false,"template":"","format":"standard","meta":{"footnotes":""},"categories":[40],"tags":[],"class_list":["post-42111","post","type-post","status-publish","format-standard","has-post-thumbnail","hentry","category-grantrujillo"],"_links":{"self":[{"href":"https:\/\/ciudadtrujillo.com\/index.php?rest_route=\/wp\/v2\/posts\/42111","targetHints":{"allow":["GET"]}}],"collection":[{"href":"https:\/\/ciudadtrujillo.com\/index.php?rest_route=\/wp\/v2\/posts"}],"about":[{"href":"https:\/\/ciudadtrujillo.com\/index.php?rest_route=\/wp\/v2\/types\/post"}],"author":[{"embeddable":true,"href":"https:\/\/ciudadtrujillo.com\/index.php?rest_route=\/wp\/v2\/users\/7"}],"replies":[{"embeddable":true,"href":"https:\/\/ciudadtrujillo.com\/index.php?rest_route=%2Fwp%2Fv2%2Fcomments&post=42111"}],"version-history":[{"count":1,"href":"https:\/\/ciudadtrujillo.com\/index.php?rest_route=\/wp\/v2\/posts\/42111\/revisions"}],"predecessor-version":[{"id":42113,"href":"https:\/\/ciudadtrujillo.com\/index.php?rest_route=\/wp\/v2\/posts\/42111\/revisions\/42113"}],"wp:featuredmedia":[{"embeddable":true,"href":"https:\/\/ciudadtrujillo.com\/index.php?rest_route=\/wp\/v2\/media\/42112"}],"wp:attachment":[{"href":"https:\/\/ciudadtrujillo.com\/index.php?rest_route=%2Fwp%2Fv2%2Fmedia&parent=42111"}],"wp:term":[{"taxonomy":"category","embeddable":true,"href":"https:\/\/ciudadtrujillo.com\/index.php?rest_route=%2Fwp%2Fv2%2Fcategories&post=42111"},{"taxonomy":"post_tag","embeddable":true,"href":"https:\/\/ciudadtrujillo.com\/index.php?rest_route=%2Fwp%2Fv2%2Ftags&post=42111"}],"curies":[{"name":"wp","href":"https:\/\/api.w.org\/{rel}","templated":true}]}}