{"id":42108,"date":"2025-02-04T19:31:14","date_gmt":"2025-02-04T23:31:14","guid":{"rendered":"https:\/\/ciudadtrujillo.com\/?p=42108"},"modified":"2025-02-04T19:31:14","modified_gmt":"2025-02-04T23:31:14","slug":"culmina-con-exito-8vo-encuentro-de-munequeras-y-munequeros-en-el-estado","status":"publish","type":"post","link":"https:\/\/ciudadtrujillo.com\/?p=42108","title":{"rendered":"Culmina con \u00e9xito 8vo Encuentro de Mu\u00f1equeras y Mu\u00f1equeros en el estado"},"content":{"rendered":"<p style=\"text-align: justify;\">Este s\u00e1bado 01 de febrero de 2025, se llev\u00f3 a cabo con gran \u00e9xito el 8vo Encuentro de Mu\u00f1equeras y Mu\u00f1equeros del estado Trujillo, un evento que reuni\u00f3 a cultoras y cultores de 12 municipios de la entidad; para celebrar la tradici\u00f3n de hacer mu\u00f1ecas de trapo y honrar la memoria de Zobeyda Jim\u00e9nez, una de sus m\u00e1s destacadas exponentes.<\/p>\n<p style=\"text-align: justify;\">El encuentro fue un espacio de alegr\u00eda y color, donde los asistentes compartieron saberes, experiencias y an\u00e9cdotas sobre el arte de hacer mu\u00f1ecas de trapo. Adem\u00e1s, se record\u00f3 a la mu\u00f1equera Zobeyda Jim\u00e9nez, cuyo legado sigue vivo en el coraz\u00f3n de todos los que aman este arte.<\/p>\n<p style=\"text-align: justify;\">El evento cont\u00f3 con la participaci\u00f3n de grupos de danzas; como Las Coromotanas y Tercera Edad Activa, asimismo cont\u00f3 con la presencia de 117 mu\u00f1equeras y mu\u00f1equeros provenientes de diversos municipios del estado Trujillo, entre ellos; Valera, Motat\u00e1n, Carvajal, Bocon\u00f3, Urdaneta, Pamp\u00e1n, Pampanito, Felipe M\u00e1rquez Ca\u00f1izales, Trujillo, Bol\u00edvar, Rafael Rangel y Escuque. Adem\u00e1s, participaron artesanos de diferentes localidades, para enriquecer a\u00fan m\u00e1s la diversidad y el colorido del encuentro.<\/p>\n<p style=\"text-align: justify;\">La organizaci\u00f3n del evento fue un esfuerzo conjunto del Gabinete de Cultura, la Plataforma de IARTES, la Fundaci\u00f3n Red de Artes, Misi\u00f3n Cultura del estado Trujillo, INCAET, la Biblioteca de Escuque, el Complejo Cultural y la Alcald\u00eda de Escuque, demostraron con ello el compromiso de las instituciones por preservar y promover las tradiciones culturales del estado.<\/p>\n<p>&nbsp;<\/p>\n<p>&nbsp;<\/p>\n<h6>VTV<\/h6>\n","protected":false},"excerpt":{"rendered":"<p>Este s\u00e1bado 01 de febrero de 2025, se llev\u00f3 a cabo con gran \u00e9xito el 8vo Encuentro de Mu\u00f1equeras y Mu\u00f1equeros del estado Trujillo, un evento que reuni\u00f3 a cultoras&hellip; <\/p>\n","protected":false},"author":7,"featured_media":42109,"comment_status":"closed","ping_status":"closed","sticky":false,"template":"","format":"standard","meta":{"footnotes":""},"categories":[40],"tags":[],"class_list":["post-42108","post","type-post","status-publish","format-standard","has-post-thumbnail","hentry","category-grantrujillo"],"_links":{"self":[{"href":"https:\/\/ciudadtrujillo.com\/index.php?rest_route=\/wp\/v2\/posts\/42108","targetHints":{"allow":["GET"]}}],"collection":[{"href":"https:\/\/ciudadtrujillo.com\/index.php?rest_route=\/wp\/v2\/posts"}],"about":[{"href":"https:\/\/ciudadtrujillo.com\/index.php?rest_route=\/wp\/v2\/types\/post"}],"author":[{"embeddable":true,"href":"https:\/\/ciudadtrujillo.com\/index.php?rest_route=\/wp\/v2\/users\/7"}],"replies":[{"embeddable":true,"href":"https:\/\/ciudadtrujillo.com\/index.php?rest_route=%2Fwp%2Fv2%2Fcomments&post=42108"}],"version-history":[{"count":1,"href":"https:\/\/ciudadtrujillo.com\/index.php?rest_route=\/wp\/v2\/posts\/42108\/revisions"}],"predecessor-version":[{"id":42110,"href":"https:\/\/ciudadtrujillo.com\/index.php?rest_route=\/wp\/v2\/posts\/42108\/revisions\/42110"}],"wp:featuredmedia":[{"embeddable":true,"href":"https:\/\/ciudadtrujillo.com\/index.php?rest_route=\/wp\/v2\/media\/42109"}],"wp:attachment":[{"href":"https:\/\/ciudadtrujillo.com\/index.php?rest_route=%2Fwp%2Fv2%2Fmedia&parent=42108"}],"wp:term":[{"taxonomy":"category","embeddable":true,"href":"https:\/\/ciudadtrujillo.com\/index.php?rest_route=%2Fwp%2Fv2%2Fcategories&post=42108"},{"taxonomy":"post_tag","embeddable":true,"href":"https:\/\/ciudadtrujillo.com\/index.php?rest_route=%2Fwp%2Fv2%2Ftags&post=42108"}],"curies":[{"name":"wp","href":"https:\/\/api.w.org\/{rel}","templated":true}]}}