{"id":42101,"date":"2025-02-04T19:24:26","date_gmt":"2025-02-04T23:24:26","guid":{"rendered":"https:\/\/ciudadtrujillo.com\/?p=42101"},"modified":"2025-02-04T19:24:26","modified_gmt":"2025-02-04T23:24:26","slug":"combatientes-del-4f-reafirman-su-compromiso-con-el-legado-del-lider-eterno","status":"publish","type":"post","link":"https:\/\/ciudadtrujillo.com\/?p=42101","title":{"rendered":"Combatientes del 4F reafirman su compromiso con el legado del L\u00edder Eterno"},"content":{"rendered":"<p style=\"text-align: justify;\">El primer vicepresidente del Partido Socialista Unido de Venezuela (PSUV), Diosdado Cabello Rond\u00f3n, durante el acto conmemorativo de los 33 a\u00f1os de la Rebeli\u00f3n del C\u00edvico-militar, acudi\u00f3 al Cuartel de la Monta\u00f1a, donde reposan los restos mortales del Comandante Hugo Ch\u00e1vez, para rendir honores al Gigante de Latinoam\u00e9rica.<\/p>\n<p style=\"text-align: justify;\">Desde este emblem\u00e1tico lugar para los revolucionarios, Cabello resalt\u00f3 la lucha y resistencia del Pueblo venezolano en la defensa de la soberan\u00eda y la paz, al tiempo que afirm\u00f3 que encontrarse en esos espacios es llenarse \u201cde orgullo, fuerza, energ\u00eda y Patria\u201d.<\/p>\n<p>&nbsp;<\/p>\n<p>&nbsp;<\/p>\n<h6>Con el mazo dando<\/h6>\n","protected":false},"excerpt":{"rendered":"<p>El primer vicepresidente del Partido Socialista Unido de Venezuela (PSUV), Diosdado Cabello Rond\u00f3n, durante el acto conmemorativo de los 33 a\u00f1os de la Rebeli\u00f3n del C\u00edvico-militar, acudi\u00f3 al Cuartel de&hellip; <\/p>\n","protected":false},"author":7,"featured_media":42103,"comment_status":"closed","ping_status":"closed","sticky":false,"template":"","format":"standard","meta":{"footnotes":""},"categories":[41],"tags":[],"class_list":["post-42101","post","type-post","status-publish","format-standard","has-post-thumbnail","hentry","category-pais"],"_links":{"self":[{"href":"https:\/\/ciudadtrujillo.com\/index.php?rest_route=\/wp\/v2\/posts\/42101","targetHints":{"allow":["GET"]}}],"collection":[{"href":"https:\/\/ciudadtrujillo.com\/index.php?rest_route=\/wp\/v2\/posts"}],"about":[{"href":"https:\/\/ciudadtrujillo.com\/index.php?rest_route=\/wp\/v2\/types\/post"}],"author":[{"embeddable":true,"href":"https:\/\/ciudadtrujillo.com\/index.php?rest_route=\/wp\/v2\/users\/7"}],"replies":[{"embeddable":true,"href":"https:\/\/ciudadtrujillo.com\/index.php?rest_route=%2Fwp%2Fv2%2Fcomments&post=42101"}],"version-history":[{"count":1,"href":"https:\/\/ciudadtrujillo.com\/index.php?rest_route=\/wp\/v2\/posts\/42101\/revisions"}],"predecessor-version":[{"id":42104,"href":"https:\/\/ciudadtrujillo.com\/index.php?rest_route=\/wp\/v2\/posts\/42101\/revisions\/42104"}],"wp:featuredmedia":[{"embeddable":true,"href":"https:\/\/ciudadtrujillo.com\/index.php?rest_route=\/wp\/v2\/media\/42103"}],"wp:attachment":[{"href":"https:\/\/ciudadtrujillo.com\/index.php?rest_route=%2Fwp%2Fv2%2Fmedia&parent=42101"}],"wp:term":[{"taxonomy":"category","embeddable":true,"href":"https:\/\/ciudadtrujillo.com\/index.php?rest_route=%2Fwp%2Fv2%2Fcategories&post=42101"},{"taxonomy":"post_tag","embeddable":true,"href":"https:\/\/ciudadtrujillo.com\/index.php?rest_route=%2Fwp%2Fv2%2Ftags&post=42101"}],"curies":[{"name":"wp","href":"https:\/\/api.w.org\/{rel}","templated":true}]}}