{"id":42098,"date":"2025-02-04T19:20:41","date_gmt":"2025-02-04T23:20:41","guid":{"rendered":"https:\/\/ciudadtrujillo.com\/?p=42098"},"modified":"2025-02-04T19:20:41","modified_gmt":"2025-02-04T23:20:41","slug":"desarrollan-plan-de-formacion-para-fortalecer-las-misiones-de-nueva-generacion","status":"publish","type":"post","link":"https:\/\/ciudadtrujillo.com\/?p=42098","title":{"rendered":"Desarrollan plan de formaci\u00f3n para fortalecer las Misiones de Nueva Generaci\u00f3n"},"content":{"rendered":"<p style=\"text-align: justify;\">Desde el auditorio \u00abLuis Beltr\u00e1n Prieto Figueroa\u00bb, ubicado en la sede del Instituto Nacional de Capacitaci\u00f3n y Educaci\u00f3n Socialista (Inces) en Valera, se desarroll\u00f3 el Plan Nacional de Formaci\u00f3n para la Transformaci\u00f3n en el estado Trujillo, dise\u00f1ado por la Vicepresidencia Sectorial para el Socialismo Social y Territorial en aras de fortalecer las Misiones de Nueva Generaci\u00f3n.<\/p>\n<p style=\"text-align: justify;\">Este plan tiene como objetivo capacitar a los participantes en los 20 municipios y los 222 Circuitos Comunales de la entidad trujillana, promoviendo un enfoque liberador, transformador y participativo que busca a trav\u00e9s de la territorializaci\u00f3n de las Misiones de Nueva Generaci\u00f3n mejorar la calidad de vida de la poblaci\u00f3n, siguiendo lineamientos del gobernador Gerardo M\u00e1rquez.<\/p>\n<p style=\"text-align: justify;\">Al encuentro de formaci\u00f3n asistieron miembros de la Secretaria Social de la Gobernaci\u00f3n de Trujillo y los secretarios municipales del Movimiento Somos Venezuela.<\/p>\n<p style=\"text-align: justify;\">Este importante encuentro destac\u00f3 el trabajo articulado y cohesionado del equipo promotor regional, que ser\u00e1 el encargado del seguimiento y control de cada una de las acciones a desarrollar.<\/p>\n<p>&nbsp;<\/p>\n<p>&nbsp;<\/p>\n<h6>Ciudad Trujillo<\/h6>\n","protected":false},"excerpt":{"rendered":"<p>Desde el auditorio \u00abLuis Beltr\u00e1n Prieto Figueroa\u00bb, ubicado en la sede del Instituto Nacional de Capacitaci\u00f3n y Educaci\u00f3n Socialista (Inces) en Valera, se desarroll\u00f3 el Plan Nacional de Formaci\u00f3n para&hellip; <\/p>\n","protected":false},"author":7,"featured_media":42099,"comment_status":"closed","ping_status":"closed","sticky":false,"template":"","format":"standard","meta":{"footnotes":""},"categories":[40],"tags":[],"class_list":["post-42098","post","type-post","status-publish","format-standard","has-post-thumbnail","hentry","category-grantrujillo"],"_links":{"self":[{"href":"https:\/\/ciudadtrujillo.com\/index.php?rest_route=\/wp\/v2\/posts\/42098","targetHints":{"allow":["GET"]}}],"collection":[{"href":"https:\/\/ciudadtrujillo.com\/index.php?rest_route=\/wp\/v2\/posts"}],"about":[{"href":"https:\/\/ciudadtrujillo.com\/index.php?rest_route=\/wp\/v2\/types\/post"}],"author":[{"embeddable":true,"href":"https:\/\/ciudadtrujillo.com\/index.php?rest_route=\/wp\/v2\/users\/7"}],"replies":[{"embeddable":true,"href":"https:\/\/ciudadtrujillo.com\/index.php?rest_route=%2Fwp%2Fv2%2Fcomments&post=42098"}],"version-history":[{"count":1,"href":"https:\/\/ciudadtrujillo.com\/index.php?rest_route=\/wp\/v2\/posts\/42098\/revisions"}],"predecessor-version":[{"id":42100,"href":"https:\/\/ciudadtrujillo.com\/index.php?rest_route=\/wp\/v2\/posts\/42098\/revisions\/42100"}],"wp:featuredmedia":[{"embeddable":true,"href":"https:\/\/ciudadtrujillo.com\/index.php?rest_route=\/wp\/v2\/media\/42099"}],"wp:attachment":[{"href":"https:\/\/ciudadtrujillo.com\/index.php?rest_route=%2Fwp%2Fv2%2Fmedia&parent=42098"}],"wp:term":[{"taxonomy":"category","embeddable":true,"href":"https:\/\/ciudadtrujillo.com\/index.php?rest_route=%2Fwp%2Fv2%2Fcategories&post=42098"},{"taxonomy":"post_tag","embeddable":true,"href":"https:\/\/ciudadtrujillo.com\/index.php?rest_route=%2Fwp%2Fv2%2Ftags&post=42098"}],"curies":[{"name":"wp","href":"https:\/\/api.w.org\/{rel}","templated":true}]}}