{"id":42095,"date":"2025-02-04T19:18:54","date_gmt":"2025-02-04T23:18:54","guid":{"rendered":"https:\/\/ciudadtrujillo.com\/?p=42095"},"modified":"2025-02-04T19:18:54","modified_gmt":"2025-02-04T23:18:54","slug":"pueblo-venezolano-tomo-las-calles-para-recordar-el-por-ahora-del-comandante-hugo-chavez","status":"publish","type":"post","link":"https:\/\/ciudadtrujillo.com\/?p=42095","title":{"rendered":"Pueblo venezolano tom\u00f3 las calles para recordar el \u201cpor ahora\u201d del Comandante Hugo Ch\u00e1vez"},"content":{"rendered":"<p style=\"text-align: justify;\">Desde Plaza Venezuela, en Caracas, el pueblo revolucionario se re\u00fane para marchar en conmemoraci\u00f3n de los 33 a\u00f1os de la rebeli\u00f3n del 4 de febrero de 1992, donde el Comandante Hugo Ch\u00e1vez se rebel\u00f3 contra de las pol\u00edticas neoliberales del Gobierno de la \u00e9poca. Los revolucionarios salieron a las calles para recordar este d\u00eda tan insigne, denominado D\u00eda de la Dignidad Nacional.<\/p>\n<p style=\"text-align: justify;\">Durante esta movilizaci\u00f3n, el Presidente Nicol\u00e1s Maduro Moros manifest\u00f3 que vali\u00f3 totalmente la pena, el esfuerzo y las luchas antiolig\u00e1rquicas y antiimperialistas realizadas por el pueblo.<\/p>\n<p style=\"text-align: justify;\">Adem\u00e1s los presentes destacaron la protecci\u00f3n que ha mantenido sobre la poblaci\u00f3n venezolana el Gobierno nacional, desde la llegada del Comandante Ch\u00e1vez al poder. \u00abNuestro Comandante y ahora nuestro presidente de la Rep\u00fablica Bolivariana de Venezuela, Nicol\u00e1s Maduro, siempre han mantenido atenci\u00f3n integral de toda la sociedad venezolana\u00bb, agreg\u00f3 un adulto mayor.<\/p>\n<p style=\"text-align: justify;\">Por su parte, la vocera comunal, Grecia Garc\u00eda, resalt\u00f3 la fuerza del Comandante Ch\u00e1vez para llevar a cabo esta rebeli\u00f3n en el a\u00f1o 1992, \u00abporque ten\u00eda una fuerza incre\u00edble, una fuerza para nuestro pueblo y hoy m\u00e1s que nunca Venezuela est\u00e1 en Revoluci\u00f3n y vamos a seguir en Revoluci\u00f3n, porque nunca nos hab\u00edan visibilizado tanto como con el Gobierno Bolivariano\u00bb.<\/p>\n<p style=\"text-align: justify;\">Vale recalcar que el 04 de febrero de 1992, la revoluci\u00f3n estall\u00f3 en Caracas, Maracaibo, Valencia y Maracay; y a pesar de que la voluntad popular no cumpli\u00f3 los objetivos estipulados, el Comandante Ch\u00e1vez ser\u00eda elegido de manera democr\u00e1tica durante el 6 de diciembre de 1998 para asumir la presidencia y as\u00ed refundar la Rep\u00fablica profundamente libre y democr\u00e1tica e iniciar el camino de la justicia social a trav\u00e9s de la Revoluci\u00f3n Bolivariana.<\/p>\n<p style=\"text-align: justify;\">En la actualidad, el presidente Nicol\u00e1s Maduro contin\u00faa con el legado de esta fecha crucial en la historia venezolana, adem\u00e1s de impulsar la visi\u00f3n nacional que el Comandante Ch\u00e1vez albergaba para el futuro de la patria.<\/p>\n<p>&nbsp;<\/p>\n<p>&nbsp;<\/p>\n<h6>VTV\/ \u00daltimas Noticias<\/h6>\n","protected":false},"excerpt":{"rendered":"<p>Desde Plaza Venezuela, en Caracas, el pueblo revolucionario se re\u00fane para marchar en conmemoraci\u00f3n de los 33 a\u00f1os de la rebeli\u00f3n del 4 de febrero de 1992, donde el Comandante&hellip; <\/p>\n","protected":false},"author":7,"featured_media":42096,"comment_status":"closed","ping_status":"closed","sticky":false,"template":"","format":"standard","meta":{"footnotes":""},"categories":[41],"tags":[],"class_list":["post-42095","post","type-post","status-publish","format-standard","has-post-thumbnail","hentry","category-pais"],"_links":{"self":[{"href":"https:\/\/ciudadtrujillo.com\/index.php?rest_route=\/wp\/v2\/posts\/42095","targetHints":{"allow":["GET"]}}],"collection":[{"href":"https:\/\/ciudadtrujillo.com\/index.php?rest_route=\/wp\/v2\/posts"}],"about":[{"href":"https:\/\/ciudadtrujillo.com\/index.php?rest_route=\/wp\/v2\/types\/post"}],"author":[{"embeddable":true,"href":"https:\/\/ciudadtrujillo.com\/index.php?rest_route=\/wp\/v2\/users\/7"}],"replies":[{"embeddable":true,"href":"https:\/\/ciudadtrujillo.com\/index.php?rest_route=%2Fwp%2Fv2%2Fcomments&post=42095"}],"version-history":[{"count":1,"href":"https:\/\/ciudadtrujillo.com\/index.php?rest_route=\/wp\/v2\/posts\/42095\/revisions"}],"predecessor-version":[{"id":42097,"href":"https:\/\/ciudadtrujillo.com\/index.php?rest_route=\/wp\/v2\/posts\/42095\/revisions\/42097"}],"wp:featuredmedia":[{"embeddable":true,"href":"https:\/\/ciudadtrujillo.com\/index.php?rest_route=\/wp\/v2\/media\/42096"}],"wp:attachment":[{"href":"https:\/\/ciudadtrujillo.com\/index.php?rest_route=%2Fwp%2Fv2%2Fmedia&parent=42095"}],"wp:term":[{"taxonomy":"category","embeddable":true,"href":"https:\/\/ciudadtrujillo.com\/index.php?rest_route=%2Fwp%2Fv2%2Fcategories&post=42095"},{"taxonomy":"post_tag","embeddable":true,"href":"https:\/\/ciudadtrujillo.com\/index.php?rest_route=%2Fwp%2Fv2%2Ftags&post=42095"}],"curies":[{"name":"wp","href":"https:\/\/api.w.org\/{rel}","templated":true}]}}