{"id":42092,"date":"2025-02-04T19:15:35","date_gmt":"2025-02-04T23:15:35","guid":{"rendered":"https:\/\/ciudadtrujillo.com\/?p=42092"},"modified":"2025-02-04T19:15:35","modified_gmt":"2025-02-04T23:15:35","slug":"el-libano-presenta-denuncia-contra-israel-ante-el-consejo-de-seguridad-de-la-onu","status":"publish","type":"post","link":"https:\/\/ciudadtrujillo.com\/?p=42092","title":{"rendered":"El L\u00edbano presenta denuncia contra Israel ante el Consejo de Seguridad de la ONU"},"content":{"rendered":"<p style=\"text-align: justify;\">Representantes del Ministerio de Exteriores del L\u00edbano presentaron una queja contra Israel ante el Consejo de Seguridad de la Organizaci\u00f3n de las Naciones Unidas (ONU), por violar la resoluci\u00f3n 1701 y el alto al fuego, de acuerdo con un comunicado de la referida entidad.<\/p>\n<p style=\"text-align: justify;\">\u00abEl Ministerio de Exteriores y Emigrantes, a trav\u00e9s de la misi\u00f3n permanente del L\u00edbano ante las Naciones Unidas en Nueva York, present\u00f3 una queja ante el Consejo de Seguridad de la ONU por la violaci\u00f3n por parte de Israel de la resoluci\u00f3n 1701 y el anuncio del cese de hostilidades y su total desprecio por sus obligaciones de reforzar las medidas de seguridad en el camino hacia la aplicaci\u00f3n de la resoluci\u00f3n 1701\u00bb, se\u00f1ala la misiva.<\/p>\n<p style=\"text-align: justify;\">Desde la Canciller\u00eda enfatizaron que el documento condena las continuas violaciones del alto al fuego por parte de Israel desde que entr\u00f3 en vigor el 27 de noviembre de 2024, as\u00ed como los continuos ataques terrestres y a\u00e9reos que provocaron la destrucci\u00f3n de viviendas y barrios, adem\u00e1s de otras violaciones del alto al fuego.<\/p>\n<p style=\"text-align: justify;\">\u00abEstas consistieron en secuestros de ciudadanos libaneses, incluidos soldados del Ej\u00e9rcito liban\u00e9s, y ataques contra civiles que regresaban a sus pueblos fronterizos, matando a unos 24 civiles e hiriendo a m\u00e1s de 124. La denuncia se refiere tambi\u00e9n a ataques israel\u00edes contra patrullas del Ej\u00e9rcito liban\u00e9s y periodistas\u00bb, a\u00f1ade el comunicado.<\/p>\n<p style=\"text-align: justify;\">Asimismo, pidi\u00f3 al Consejo de Seguridad de la ONU, y en particular a los Estados patrocinadores del acuerdo de alto al fuego, que adoptaran una \u00abpostura firme y clara\u00bb ante estas violaciones y tomaran medidas para obligar a la parte israel\u00ed a cumplir sus obligaciones. En virtud de la tregua, el Ej\u00e9rcito israel\u00ed deb\u00eda retirarse del L\u00edbano antes del 27 de enero, pero las autoridades libanesas, con la mediaci\u00f3n de Estados Unidos, acordaron posteriormente ampliar los t\u00e9rminos del acuerdo hasta el 18 de febrero.<\/p>\n<p>&nbsp;<\/p>\n<p>&nbsp;<\/p>\n<h6>\u00a0VTV<\/h6>\n","protected":false},"excerpt":{"rendered":"<p>Representantes del Ministerio de Exteriores del L\u00edbano presentaron una queja contra Israel ante el Consejo de Seguridad de la Organizaci\u00f3n de las Naciones Unidas (ONU), por violar la resoluci\u00f3n 1701&hellip; <\/p>\n","protected":false},"author":7,"featured_media":42093,"comment_status":"closed","ping_status":"closed","sticky":false,"template":"","format":"standard","meta":{"footnotes":""},"categories":[42],"tags":[],"class_list":["post-42092","post","type-post","status-publish","format-standard","has-post-thumbnail","hentry","category-mundo"],"_links":{"self":[{"href":"https:\/\/ciudadtrujillo.com\/index.php?rest_route=\/wp\/v2\/posts\/42092","targetHints":{"allow":["GET"]}}],"collection":[{"href":"https:\/\/ciudadtrujillo.com\/index.php?rest_route=\/wp\/v2\/posts"}],"about":[{"href":"https:\/\/ciudadtrujillo.com\/index.php?rest_route=\/wp\/v2\/types\/post"}],"author":[{"embeddable":true,"href":"https:\/\/ciudadtrujillo.com\/index.php?rest_route=\/wp\/v2\/users\/7"}],"replies":[{"embeddable":true,"href":"https:\/\/ciudadtrujillo.com\/index.php?rest_route=%2Fwp%2Fv2%2Fcomments&post=42092"}],"version-history":[{"count":1,"href":"https:\/\/ciudadtrujillo.com\/index.php?rest_route=\/wp\/v2\/posts\/42092\/revisions"}],"predecessor-version":[{"id":42094,"href":"https:\/\/ciudadtrujillo.com\/index.php?rest_route=\/wp\/v2\/posts\/42092\/revisions\/42094"}],"wp:featuredmedia":[{"embeddable":true,"href":"https:\/\/ciudadtrujillo.com\/index.php?rest_route=\/wp\/v2\/media\/42093"}],"wp:attachment":[{"href":"https:\/\/ciudadtrujillo.com\/index.php?rest_route=%2Fwp%2Fv2%2Fmedia&parent=42092"}],"wp:term":[{"taxonomy":"category","embeddable":true,"href":"https:\/\/ciudadtrujillo.com\/index.php?rest_route=%2Fwp%2Fv2%2Fcategories&post=42092"},{"taxonomy":"post_tag","embeddable":true,"href":"https:\/\/ciudadtrujillo.com\/index.php?rest_route=%2Fwp%2Fv2%2Ftags&post=42092"}],"curies":[{"name":"wp","href":"https:\/\/api.w.org\/{rel}","templated":true}]}}