{"id":41851,"date":"2025-01-23T21:27:01","date_gmt":"2025-01-24T01:27:01","guid":{"rendered":"https:\/\/ciudadtrujillo.com\/?p=41851"},"modified":"2025-01-23T21:27:01","modified_gmt":"2025-01-24T01:27:01","slug":"con-determinacion-patriotica-trujillanos-comemoran-rebelion-civico-militar-del-23e","status":"publish","type":"post","link":"https:\/\/ciudadtrujillo.com\/?p=41851","title":{"rendered":"Con determinaci\u00f3n patri\u00f3tica trujillanos comemoran rebeli\u00f3n c\u00edvico &#8211; militar del 23E"},"content":{"rendered":"<p style=\"text-align: justify;\">Este jueves, el pueblo aguerrido del estado Trujillo se moviliz\u00f3 en la Gran Marcha en conmemoraci\u00f3n al 23 de Enero, ratificando el car\u00e1cter de paz y uni\u00f3n, as\u00ed como el esp\u00edritu patriota para defender la democracia y soberan\u00eda.<\/p>\n<p style=\"text-align: justify;\">Honrando la rebeli\u00f3n patriota de la hist\u00f3rica fecha, la marcha sali\u00f3 desde el Central Azucarero hasta la plaza Bol\u00edvar del municipio Motat\u00e1n. Junto al pueblo desbordado y en compa\u00f1\u00eda del enlace pol\u00edtico estadal del PSUV, diputado Pedro Carre\u00f1o, el gobernador Gerardo M\u00e1rquez enfatiz\u00f3 que esta es \u00abuna extraordinaria demostraci\u00f3n de fuerza y compromiso con nuestro Presidente Nicol\u00e1s Maduro y con la paz\u00bb.<\/p>\n<p style=\"text-align: justify;\">Por su parte, en medio de la alegr\u00eda, la joven Michell Gil, expres\u00f3: \u00abel 10 de enero juramos y hoy sale todo un pueblo en victoria, celebrando ese gran d\u00eda, adem\u00e1s de conmemorar el 23 de enero la derrota de aquella dictadura que fue hace a\u00f1os atr\u00e1s, podemos decir con orgullo que estamos en un pa\u00eds independiente, soberano y libre\u00bb.<\/p>\n<p>&nbsp;<\/p>\n<p>&nbsp;<\/p>\n<h6>Ciudad Trujillo<\/h6>\n","protected":false},"excerpt":{"rendered":"<p>Este jueves, el pueblo aguerrido del estado Trujillo se moviliz\u00f3 en la Gran Marcha en conmemoraci\u00f3n al 23 de Enero, ratificando el car\u00e1cter de paz y uni\u00f3n, as\u00ed como el&hellip; <\/p>\n","protected":false},"author":7,"featured_media":41852,"comment_status":"closed","ping_status":"closed","sticky":false,"template":"","format":"standard","meta":{"footnotes":""},"categories":[40],"tags":[],"class_list":["post-41851","post","type-post","status-publish","format-standard","has-post-thumbnail","hentry","category-grantrujillo"],"_links":{"self":[{"href":"https:\/\/ciudadtrujillo.com\/index.php?rest_route=\/wp\/v2\/posts\/41851","targetHints":{"allow":["GET"]}}],"collection":[{"href":"https:\/\/ciudadtrujillo.com\/index.php?rest_route=\/wp\/v2\/posts"}],"about":[{"href":"https:\/\/ciudadtrujillo.com\/index.php?rest_route=\/wp\/v2\/types\/post"}],"author":[{"embeddable":true,"href":"https:\/\/ciudadtrujillo.com\/index.php?rest_route=\/wp\/v2\/users\/7"}],"replies":[{"embeddable":true,"href":"https:\/\/ciudadtrujillo.com\/index.php?rest_route=%2Fwp%2Fv2%2Fcomments&post=41851"}],"version-history":[{"count":1,"href":"https:\/\/ciudadtrujillo.com\/index.php?rest_route=\/wp\/v2\/posts\/41851\/revisions"}],"predecessor-version":[{"id":41853,"href":"https:\/\/ciudadtrujillo.com\/index.php?rest_route=\/wp\/v2\/posts\/41851\/revisions\/41853"}],"wp:featuredmedia":[{"embeddable":true,"href":"https:\/\/ciudadtrujillo.com\/index.php?rest_route=\/wp\/v2\/media\/41852"}],"wp:attachment":[{"href":"https:\/\/ciudadtrujillo.com\/index.php?rest_route=%2Fwp%2Fv2%2Fmedia&parent=41851"}],"wp:term":[{"taxonomy":"category","embeddable":true,"href":"https:\/\/ciudadtrujillo.com\/index.php?rest_route=%2Fwp%2Fv2%2Fcategories&post=41851"},{"taxonomy":"post_tag","embeddable":true,"href":"https:\/\/ciudadtrujillo.com\/index.php?rest_route=%2Fwp%2Fv2%2Ftags&post=41851"}],"curies":[{"name":"wp","href":"https:\/\/api.w.org\/{rel}","templated":true}]}}