{"id":41845,"date":"2025-01-23T21:16:46","date_gmt":"2025-01-24T01:16:46","guid":{"rendered":"https:\/\/ciudadtrujillo.com\/?p=41845"},"modified":"2025-01-23T21:18:34","modified_gmt":"2025-01-24T01:18:34","slug":"este-sabado-sera-la-xxv-peregrinacion-al-santuario-de-nuestra-senora-del-rosario-de-duri","status":"publish","type":"post","link":"https:\/\/ciudadtrujillo.com\/?p=41845","title":{"rendered":"Este s\u00e1bado ser\u00e1 la XXV peregrinaci\u00f3n al Santuario de Nuestra Se\u00f1ora del Rosario de Dur\u00ed"},"content":{"rendered":"<p style=\"text-align: justify;\">Como todos los a\u00f1os, el \u00faltimo s\u00e1bado de enero, se realiza la Peregrinaci\u00f3n al Santuario de Nuestra Se\u00f1ora del Rosario de Dur\u00ed que en esta ocasi\u00f3n arriba a su edici\u00f3n XXV, siendo un escenario perfecto para una actividad de oraci\u00f3n y paz espiritual, enmarcada en el hermoso paisaje natural que rodea el Santuario.<\/p>\n<p style=\"text-align: justify;\">La informaci\u00f3n la aport\u00f3 el p\u00e1rroco de la parroquia San Juan Bautista de La Mesa de Esnujaque, Ali Enmanuel Benitez quien destac\u00f3 que, como ya es tradici\u00f3n, se trata de una manifestaci\u00f3n de FE a la presencia Mariana en la Advocaci\u00f3n a la Virgen del Rosario de Dur\u00ed, evidenciada por la gran cantidad de peregrinos que desde sitios lejanos se vienen a pie, para estar este d\u00eda en tierras altas trujillanas.<\/p>\n<p style=\"text-align: justify;\">Para este s\u00e1bado 25 de enero se tiene planificado todo un despliegue log\u00edstico, de movilizaci\u00f3n, seguridad e hidrataci\u00f3n para los m\u00e1s de 10 mil peregrinos que se tiene previsto visiten el Santuario del Rosario de Dur\u00ed por vig\u00e9sima quinta vez, convirti\u00e9ndose en un espacio para la reflexi\u00f3n, crecimiento espiritual y profunda oraci\u00f3n.<\/p>\n<p style=\"text-align: justify;\">Agreg\u00f3 el Padre Ali Benitez \u201cel Santuario de Nuestra Se\u00f1ora del Rosario de Dur\u00ed se ha convertido en epicentro de peregrinaje, de oraci\u00f3n y profundo recogimiento espiritual hacia la devoci\u00f3n mariana m\u00e1s grande de los p\u00e1ramos trujillanos y la evidencia mayor es la permanencia en el tiempo de esta actividad que inici\u00f3 el Presb\u00edtero Rafael Salas hace 25 a\u00f1os y que nosotros hemos mantenido\u201d<\/p>\n<p style=\"text-align: justify;\">Como ya es tradici\u00f3n, para este s\u00e1bado 25 se contar\u00e1 con la peregrinaci\u00f3n y visita de la Virgen del Talquito de Jaj\u00f3, y nuevamente, la peregrinaci\u00f3n de fieles provenientes de la parroquia Nuestra Se\u00f1ora del Carmen de Monte Carmelo en la zona panamericana de Trujillo quienes acompa\u00f1ar\u00e1n la Reliquia del Nazareno de Las Ra\u00edces a este encuentro de profunda f\u00e9 y veneraci\u00f3n as\u00ed como los patronos de las diferentes parroquias asistentes.<\/p>\n<p style=\"text-align: justify;\">Se tiene previsto que los devotos llegar\u00e1n al Santuario de la Virgen del Rosario de Dur\u00ed provenientes de Tu\u00f1ame, Las Mesitas, Cabimb\u00fa, Jaj\u00f3, La Quebrada, Bocon\u00f3, Tost\u00f3s, Niquitao, Timotes, Chachopo, La Venta y Pueblo Llano del estado M\u00e9rida, as\u00ed como de Valera, Carvajal, Trujillo, Buena Vista y de Arapuey del estado M\u00e9rida y por supuesto de las distintas comarcas de La Mesa de Esnujaque asi como de otros estados del pa\u00eds.<\/p>\n<p style=\"text-align: justify;\">Es importante destacar que el s\u00e1bado 25 los asistentes a la Peregrinaci\u00f3n Dur\u00ed 2025 participar\u00e1n de la celebraci\u00f3n Eucar\u00edstica presidida por el Obispo de la Di\u00f3cesis de Trujillo, Monse\u00f1or Jos\u00e9 Trinidad Fern\u00e1ndez y concelebrada por los sacerdotes presentes \u201cquienes asistan y est\u00e9n debidamente preparados recibir\u00e1n el sacramento de la confesi\u00f3n adem\u00e1s de indulgencia plenaria por disposici\u00f3n de la Di\u00f3cesis de Trujillo\u201d.<\/p>\n<p style=\"text-align: justify;\">Los peregrinos podr\u00e1n participar de la Vigilia en la Parroquia La Mesa de Esnuajque la noche del 24 de enero comenzando a las 6 pm con la Eucarist\u00eda diaria, 7 pm animaci\u00f3n por parte de la Hermandad de Serafines; 8 pm conociendo el a\u00f1o jubilar a trav\u00e9s de Effet\u00e1, 9 pm eucarist\u00eda presidida por el presb\u00edtero Raimundo Andrade, 10 pm animaci\u00f3n por parte de Hermandad Samuel, 11 pm Adoraci\u00f3n Eucar\u00edstica Vocacional, 12 de la medianoche traslado desde la capilla de San Benito e intronizaci\u00f3n de la imagen de Nuestra Se\u00f1ora de Duri, 1.30 am refrigerio, 2 am concierto a Maria por parte de los coros parroquiales, 4 am animaci\u00f3n juvenil por parte de Hermandad de Samuel de la zona alta, 5 am Bendici\u00f3n e inicio de la Peregrinaci\u00f3n.<\/p>\n<p style=\"text-align: justify;\">Una vez en el Santuario de Dur\u00ed se realizar\u00e1 a partir de las 8am el rezo del Santo Rosario, luego animaci\u00f3n por parte de Hermandad de Emaus, m\u00e1s tarde por parte de Pastoral Vocacional y a las 11 la Sagrada Eucarist\u00eda concelebrada.<\/p>\n<p style=\"text-align: justify;\">Para finalizar, el presb\u00edtero anfitri\u00f3n de esta Peregrinaci\u00f3n extendi\u00f3 palabras de agradecimiento a todos los que se han sumado en labores de organizaci\u00f3n y apoyo, reconociendo esta tradici\u00f3n de fe y de profundo arraigo cultural y espiritual, que permite unir lazos de hermandad, solidaridad y de grandes valores humanos entre los habitantes de Urdaneta, de Trujillo y Venezuela, m\u00e1s a\u00fan en un a\u00f1o donde todos somos Peregrinos de la Esperanza.<\/p>\n<p style=\"text-align: justify;\">Invitamos a todos los habitantes de Trujillo a formar parte de esta Peregrinaci\u00f3n hacia el Santuario de Dur\u00ed en demostraci\u00f3n de la fe y devoci\u00f3n a esta hermosa aparici\u00f3n mariana, que sin importar las largas horas de recorrido a pie, el encuentro en este m\u00e1gico para\u00edso natural hace de este d\u00eda una referencia de oraci\u00f3n nacional.<\/p>\n<p>&nbsp;<\/p>\n<p>&nbsp;<\/p>\n<h6>Carmen Beatriz Alvi\u00e1rez<\/h6>\n","protected":false},"excerpt":{"rendered":"<p>Como todos los a\u00f1os, el \u00faltimo s\u00e1bado de enero, se realiza la Peregrinaci\u00f3n al Santuario de Nuestra Se\u00f1ora del Rosario de Dur\u00ed que en esta ocasi\u00f3n arriba a su edici\u00f3n&hellip; <\/p>\n","protected":false},"author":7,"featured_media":41846,"comment_status":"closed","ping_status":"closed","sticky":false,"template":"","format":"standard","meta":{"footnotes":""},"categories":[40],"tags":[],"class_list":["post-41845","post","type-post","status-publish","format-standard","has-post-thumbnail","hentry","category-grantrujillo"],"_links":{"self":[{"href":"https:\/\/ciudadtrujillo.com\/index.php?rest_route=\/wp\/v2\/posts\/41845","targetHints":{"allow":["GET"]}}],"collection":[{"href":"https:\/\/ciudadtrujillo.com\/index.php?rest_route=\/wp\/v2\/posts"}],"about":[{"href":"https:\/\/ciudadtrujillo.com\/index.php?rest_route=\/wp\/v2\/types\/post"}],"author":[{"embeddable":true,"href":"https:\/\/ciudadtrujillo.com\/index.php?rest_route=\/wp\/v2\/users\/7"}],"replies":[{"embeddable":true,"href":"https:\/\/ciudadtrujillo.com\/index.php?rest_route=%2Fwp%2Fv2%2Fcomments&post=41845"}],"version-history":[{"count":1,"href":"https:\/\/ciudadtrujillo.com\/index.php?rest_route=\/wp\/v2\/posts\/41845\/revisions"}],"predecessor-version":[{"id":41847,"href":"https:\/\/ciudadtrujillo.com\/index.php?rest_route=\/wp\/v2\/posts\/41845\/revisions\/41847"}],"wp:featuredmedia":[{"embeddable":true,"href":"https:\/\/ciudadtrujillo.com\/index.php?rest_route=\/wp\/v2\/media\/41846"}],"wp:attachment":[{"href":"https:\/\/ciudadtrujillo.com\/index.php?rest_route=%2Fwp%2Fv2%2Fmedia&parent=41845"}],"wp:term":[{"taxonomy":"category","embeddable":true,"href":"https:\/\/ciudadtrujillo.com\/index.php?rest_route=%2Fwp%2Fv2%2Fcategories&post=41845"},{"taxonomy":"post_tag","embeddable":true,"href":"https:\/\/ciudadtrujillo.com\/index.php?rest_route=%2Fwp%2Fv2%2Ftags&post=41845"}],"curies":[{"name":"wp","href":"https:\/\/api.w.org\/{rel}","templated":true}]}}