{"id":41842,"date":"2025-01-23T21:11:33","date_gmt":"2025-01-24T01:11:33","guid":{"rendered":"https:\/\/ciudadtrujillo.com\/?p=41842"},"modified":"2025-01-23T21:11:33","modified_gmt":"2025-01-24T01:11:33","slug":"trujillo-se-viste-de-religiosidad-al-festejar-los-455-anos-de-la-virgen-de-la-paz","status":"publish","type":"post","link":"https:\/\/ciudadtrujillo.com\/?p=41842","title":{"rendered":"Trujillo se viste de religiosidad al festejar los 455 a\u00f1os de la Virgen de la Paz"},"content":{"rendered":"<p style=\"text-align: justify;\">Hoy la Virgen de la Paz se une nuevamente a su pueblo para festejar los 455 a\u00f1os de patronazgo. Trujillo se viste de religiosidad y en esta ocasi\u00f3n la feligres\u00eda y devotos honrar\u00e1n a la santa madre con una ceremonia diocesana en el estadio Doctor Humberto Gonz\u00e1lez Albano de la ciudad capital.<\/p>\n<p style=\"text-align: justify;\">Los trujillanos exaltan su fe mariana al desbordarse de fervor apost\u00f3lico ante la madre de Jes\u00fas. Es por ello que el gobierno regional liderado por el My. Gerardo M\u00e1rquez, emiti\u00f3 un decreto en el que estableci\u00f3 el 24 de enero como d\u00eda jubilar para contribuir a que toda la comunidad pueda unirse a los actos en honra de la Virgen.<\/p>\n<h3 style=\"text-align: justify;\">Programaci\u00f3n<\/h3>\n<p style=\"text-align: justify;\">Se tiene previsto iniciar con las actividades religiosas a partir de las 6:00 a.m. con el rezo del \u00c1ngelus y la bendici\u00f3n de los Custodios de la Virgen. A las 6:30 a.m. la imagen de la Virgen recorrer\u00e1 las calles del municipio Trujillo con salida de la Iglesia Catedral hasta el estadio, lugar donde a las 8:00 a.m. se tendr\u00e1 un encuentro festivo.<\/p>\n<p style=\"text-align: justify;\">Asimismo, a las 11:00 am el obispo de la Di\u00f3cesis de Trujillo, monse\u00f1or Jos\u00e9 Trinidad Fern\u00e1ndez Angulo presidir\u00e1 la Solemne Eucarist\u00eda, seguidamente la Virgen de la Paz peregrinar\u00e1 en hombros de sus fieles por la avenida Cuatricentenario hasta llegar a la Iglesia Catedral.<\/p>\n<p style=\"text-align: justify;\">Como parte de la programaci\u00f3n a las 3:00 p.m. se har\u00e1 el rezo de la Coronilla de la Divina Misericordia , adem\u00e1s se tendr\u00e1 una hora santa. A las 5:00 p.m. se celebrar\u00e1, la segunda Eucarist\u00eda presidida por el obispo castrense para Venezuela, monse\u00f1or Benito M\u00e9ndez.<\/p>\n<p style=\"text-align: justify;\">Al finalizar la \u00faltima misa, como es costumbre, la Virgen de la Paz saldr\u00e1 en hombros de sus fieles a la procesi\u00f3n que recorrer\u00e1 las calles y avenidas principales de la entidad capital, donde sus devotos elevar\u00e1n plegarias y agradecer\u00e1n por favores concedidos ante la intersecci\u00f3n mariana.<\/p>\n<p>&nbsp;<\/p>\n<p>&nbsp;<\/p>\n<h6>Rossiel Hurtado\/Gr\u00e1fica: Cortes\u00eda<\/h6>\n","protected":false},"excerpt":{"rendered":"<p>Hoy la Virgen de la Paz se une nuevamente a su pueblo para festejar los 455 a\u00f1os de patronazgo. Trujillo se viste de religiosidad y en esta ocasi\u00f3n la feligres\u00eda&hellip; <\/p>\n","protected":false},"author":7,"featured_media":41843,"comment_status":"closed","ping_status":"closed","sticky":false,"template":"","format":"standard","meta":{"footnotes":""},"categories":[52,40],"tags":[],"class_list":["post-41842","post","type-post","status-publish","format-standard","has-post-thumbnail","hentry","category-destacadas","category-grantrujillo"],"_links":{"self":[{"href":"https:\/\/ciudadtrujillo.com\/index.php?rest_route=\/wp\/v2\/posts\/41842","targetHints":{"allow":["GET"]}}],"collection":[{"href":"https:\/\/ciudadtrujillo.com\/index.php?rest_route=\/wp\/v2\/posts"}],"about":[{"href":"https:\/\/ciudadtrujillo.com\/index.php?rest_route=\/wp\/v2\/types\/post"}],"author":[{"embeddable":true,"href":"https:\/\/ciudadtrujillo.com\/index.php?rest_route=\/wp\/v2\/users\/7"}],"replies":[{"embeddable":true,"href":"https:\/\/ciudadtrujillo.com\/index.php?rest_route=%2Fwp%2Fv2%2Fcomments&post=41842"}],"version-history":[{"count":1,"href":"https:\/\/ciudadtrujillo.com\/index.php?rest_route=\/wp\/v2\/posts\/41842\/revisions"}],"predecessor-version":[{"id":41844,"href":"https:\/\/ciudadtrujillo.com\/index.php?rest_route=\/wp\/v2\/posts\/41842\/revisions\/41844"}],"wp:featuredmedia":[{"embeddable":true,"href":"https:\/\/ciudadtrujillo.com\/index.php?rest_route=\/wp\/v2\/media\/41843"}],"wp:attachment":[{"href":"https:\/\/ciudadtrujillo.com\/index.php?rest_route=%2Fwp%2Fv2%2Fmedia&parent=41842"}],"wp:term":[{"taxonomy":"category","embeddable":true,"href":"https:\/\/ciudadtrujillo.com\/index.php?rest_route=%2Fwp%2Fv2%2Fcategories&post=41842"},{"taxonomy":"post_tag","embeddable":true,"href":"https:\/\/ciudadtrujillo.com\/index.php?rest_route=%2Fwp%2Fv2%2Ftags&post=41842"}],"curies":[{"name":"wp","href":"https:\/\/api.w.org\/{rel}","templated":true}]}}