{"id":41839,"date":"2025-01-23T21:07:41","date_gmt":"2025-01-24T01:07:41","guid":{"rendered":"https:\/\/ciudadtrujillo.com\/?p=41839"},"modified":"2025-01-23T21:07:41","modified_gmt":"2025-01-24T01:07:41","slug":"gobernador-condecora-a-eduin-becerra-con-la-orden-cnel-antonio-nicolas-briceno","status":"publish","type":"post","link":"https:\/\/ciudadtrujillo.com\/?p=41839","title":{"rendered":"Gobernador condecora a Eduin Becerra con la Orden Cnel. Antonio Nicol\u00e1s Brice\u00f1o"},"content":{"rendered":"<p style=\"text-align: justify;\">Para exaltar la participaci\u00f3n estrella de los ciclistas ganadores en la edici\u00f3n 60 de la Vuelta al T\u00e1chira, el gobernador Gerado M\u00e1rquez condecor\u00f3 a los campeones y enalteci\u00f3 su contribuci\u00f3n al crecimiento deportivo del estado.<\/p>\n<p style=\"text-align: justify;\">M\u00e1rquez otorg\u00f3 la Orden Cnel. Antonio Nicol\u00e1s Brice\u00f1o al ganador Eduin Becerra y la Orden Dr. Crist\u00f3bal Mendoza a Jimmy Flores. Adem\u00e1s a los dem\u00e1s integrantes del Team Trulul\u00fa &#8211; La Guacamaya, como Carlos Flores, Julio Blanco, Enmanuel Viloria, Gusneiver Gil y al equipo t\u00e9cnico, les dieron obsequios.<\/p>\n<p style=\"text-align: justify;\">El mandatario regional destac\u00f3 la participaci\u00f3n de Eduin Becerra que logr\u00f3 este t\u00edtulo para la regi\u00f3n. \u00abEso tiene un significado, un valor y debe ser reconocido. Es un orgullo y un honor hacerles este homenaje\u00bb, coment\u00f3.<\/p>\n<p style=\"text-align: justify;\">Jimmy Flores, representante del Team Trulul\u00fa &#8211; La Guacamaya, dijo que estas distinciones son un orgullo para el equipo. \u00abQue el gobernador se haya tomado el tiempo para hacernos un homenaje es un gran sentimiento. Lo que queremos es hacer las cosas bien\u00bb. Coment\u00f3, en relaci\u00f3n a los nuevos eventos cicl\u00edsticos del 2025, que seguir\u00e1n con el equipo para exaltar los colores del estado.<\/p>\n<p style=\"text-align: justify;\">Por su parte, Eduin Becerra, campe\u00f3n de la Vuelta al T\u00e1chira, llam\u00f3 a los j\u00f3venes a practicar este deporte. \u00abAqu\u00ed tienen equipos que los van a seguir apoyando\u00bb, agreg\u00f3.<\/p>\n<p>&nbsp;<\/p>\n<p>&nbsp;<\/p>\n<h6>Eliph Catalina Fern\u00e1ndez\/Gr\u00e1ficas: David V\u00e1squez<\/h6>\n","protected":false},"excerpt":{"rendered":"<p>Para exaltar la participaci\u00f3n estrella de los ciclistas ganadores en la edici\u00f3n 60 de la Vuelta al T\u00e1chira, el gobernador Gerado M\u00e1rquez condecor\u00f3 a los campeones y enalteci\u00f3 su contribuci\u00f3n&hellip; <\/p>\n","protected":false},"author":7,"featured_media":41840,"comment_status":"closed","ping_status":"closed","sticky":false,"template":"","format":"standard","meta":{"footnotes":""},"categories":[40],"tags":[],"class_list":["post-41839","post","type-post","status-publish","format-standard","has-post-thumbnail","hentry","category-grantrujillo"],"_links":{"self":[{"href":"https:\/\/ciudadtrujillo.com\/index.php?rest_route=\/wp\/v2\/posts\/41839","targetHints":{"allow":["GET"]}}],"collection":[{"href":"https:\/\/ciudadtrujillo.com\/index.php?rest_route=\/wp\/v2\/posts"}],"about":[{"href":"https:\/\/ciudadtrujillo.com\/index.php?rest_route=\/wp\/v2\/types\/post"}],"author":[{"embeddable":true,"href":"https:\/\/ciudadtrujillo.com\/index.php?rest_route=\/wp\/v2\/users\/7"}],"replies":[{"embeddable":true,"href":"https:\/\/ciudadtrujillo.com\/index.php?rest_route=%2Fwp%2Fv2%2Fcomments&post=41839"}],"version-history":[{"count":1,"href":"https:\/\/ciudadtrujillo.com\/index.php?rest_route=\/wp\/v2\/posts\/41839\/revisions"}],"predecessor-version":[{"id":41841,"href":"https:\/\/ciudadtrujillo.com\/index.php?rest_route=\/wp\/v2\/posts\/41839\/revisions\/41841"}],"wp:featuredmedia":[{"embeddable":true,"href":"https:\/\/ciudadtrujillo.com\/index.php?rest_route=\/wp\/v2\/media\/41840"}],"wp:attachment":[{"href":"https:\/\/ciudadtrujillo.com\/index.php?rest_route=%2Fwp%2Fv2%2Fmedia&parent=41839"}],"wp:term":[{"taxonomy":"category","embeddable":true,"href":"https:\/\/ciudadtrujillo.com\/index.php?rest_route=%2Fwp%2Fv2%2Fcategories&post=41839"},{"taxonomy":"post_tag","embeddable":true,"href":"https:\/\/ciudadtrujillo.com\/index.php?rest_route=%2Fwp%2Fv2%2Ftags&post=41839"}],"curies":[{"name":"wp","href":"https:\/\/api.w.org\/{rel}","templated":true}]}}