{"id":41666,"date":"2025-01-16T19:04:55","date_gmt":"2025-01-16T23:04:55","guid":{"rendered":"https:\/\/ciudadtrujillo.com\/?p=41666"},"modified":"2025-01-16T19:04:55","modified_gmt":"2025-01-16T23:04:55","slug":"inces-regional-ha-recibido-mas-de-500-participantes-en-nuevo-proceso","status":"publish","type":"post","link":"https:\/\/ciudadtrujillo.com\/?p=41666","title":{"rendered":"Inces regional ha recibido m\u00e1s de 500 participantes en nuevo proceso"},"content":{"rendered":"<p style=\"text-align: justify;\">El Instituto Nacional de Capacitaci\u00f3n y Educaci\u00f3n Socialista (Inces), desde los Centros de Formaci\u00f3n Socialistas (CFS) Al\u00ed Primera, Barbarita de la Torre, Jos\u00e9 Mart\u00ed y Samuel Robinson del municipio Bocon\u00f3, ha abierto sus puertas iniciando el proceso de inscripci\u00f3n, hasta hoy, para recibir a la comunidad interesada en la amplia variedad de opciones formativas cualificadas que posee la instituci\u00f3n.<\/p>\n<p style=\"text-align: justify;\">Por otro lado, se han recibido a m\u00e1s de 500 participantes registrados e inscritos en las plataformas, iniciando as\u00ed los procesos formativos en este a\u00f1o. El Inces tiene como meta formar a 90.890 participantes en los motores productivos, tales como agroalimentario, econom\u00eda comunal social y socialista, industria, emprendedor, automotriz y turismo, impulsando de esta manera la econom\u00eda familiar y el desarrollo econ\u00f3mico del estado, lo que refleja un compromiso con el desarrollo profesional y personal de la comunidad trujillana. La participaci\u00f3n activa de j\u00f3venes y adultos en estas formaciones es un testimonio del inter\u00e9s por adquirir nuevas habilidades que responden a las necesidades del mercado laboral actual.<\/p>\n<p style=\"text-align: justify;\">La formaci\u00f3n se extender\u00e1 a diferentes \u00e1mbitos incluyendo comunas, entidades de trabajo y unidades educativas, asegurando que todos tengan acceso a oportunidades educativas que fomenten su crecimiento. Adem\u00e1s, el Inces est\u00e1 promoviendo el uso de su aplicaci\u00f3n m\u00f3vil, una herramienta moderna que facilitar\u00e1 a los participantes mantenerse informados sobre las actividades formativas, horarios y otros aspectos relevantes para su desarrollo educativo.<\/p>\n<p style=\"text-align: justify;\">Orleidys Pe\u00f1a, una de las nuevas participantes, expres\u00f3 su agradecimiento por la atenci\u00f3n recibida durante el proceso de inscripci\u00f3n: \u201cDesde el momento en que llegu\u00e9 para inscribirme, me sent\u00ed bien recibida, la atenci\u00f3n por parte del personal del Inces fue excepcional. Me explicaron las diferentes opciones disponibles y se tomaron el tiempo para responder todas mis preguntas, estoy realmente motivada para comenzar\u201d.<\/p>\n<p style=\"text-align: justify;\">El Inces reafirma su compromiso con la formaci\u00f3n integral de la juventud trujillana y su contribuci\u00f3n al desarrollo social y econ\u00f3mico del estado. Este nuevo ciclo promete ser enriquecedor y lleno de oportunidades para todos. Con un enfoque en la capacitaci\u00f3n t\u00e9cnica y profesional.<\/p>\n<p>&nbsp;<\/p>\n<p>&nbsp;<\/p>\n<h6>Prensa Inces regi\u00f3n Trujillo<\/h6>\n","protected":false},"excerpt":{"rendered":"<p>El Instituto Nacional de Capacitaci\u00f3n y Educaci\u00f3n Socialista (Inces), desde los Centros de Formaci\u00f3n Socialistas (CFS) Al\u00ed Primera, Barbarita de la Torre, Jos\u00e9 Mart\u00ed y Samuel Robinson del municipio Bocon\u00f3,&hellip; <\/p>\n","protected":false},"author":7,"featured_media":41667,"comment_status":"closed","ping_status":"closed","sticky":false,"template":"","format":"standard","meta":{"footnotes":""},"categories":[40],"tags":[],"class_list":["post-41666","post","type-post","status-publish","format-standard","has-post-thumbnail","hentry","category-grantrujillo"],"_links":{"self":[{"href":"https:\/\/ciudadtrujillo.com\/index.php?rest_route=\/wp\/v2\/posts\/41666","targetHints":{"allow":["GET"]}}],"collection":[{"href":"https:\/\/ciudadtrujillo.com\/index.php?rest_route=\/wp\/v2\/posts"}],"about":[{"href":"https:\/\/ciudadtrujillo.com\/index.php?rest_route=\/wp\/v2\/types\/post"}],"author":[{"embeddable":true,"href":"https:\/\/ciudadtrujillo.com\/index.php?rest_route=\/wp\/v2\/users\/7"}],"replies":[{"embeddable":true,"href":"https:\/\/ciudadtrujillo.com\/index.php?rest_route=%2Fwp%2Fv2%2Fcomments&post=41666"}],"version-history":[{"count":1,"href":"https:\/\/ciudadtrujillo.com\/index.php?rest_route=\/wp\/v2\/posts\/41666\/revisions"}],"predecessor-version":[{"id":41668,"href":"https:\/\/ciudadtrujillo.com\/index.php?rest_route=\/wp\/v2\/posts\/41666\/revisions\/41668"}],"wp:featuredmedia":[{"embeddable":true,"href":"https:\/\/ciudadtrujillo.com\/index.php?rest_route=\/wp\/v2\/media\/41667"}],"wp:attachment":[{"href":"https:\/\/ciudadtrujillo.com\/index.php?rest_route=%2Fwp%2Fv2%2Fmedia&parent=41666"}],"wp:term":[{"taxonomy":"category","embeddable":true,"href":"https:\/\/ciudadtrujillo.com\/index.php?rest_route=%2Fwp%2Fv2%2Fcategories&post=41666"},{"taxonomy":"post_tag","embeddable":true,"href":"https:\/\/ciudadtrujillo.com\/index.php?rest_route=%2Fwp%2Fv2%2Ftags&post=41666"}],"curies":[{"name":"wp","href":"https:\/\/api.w.org\/{rel}","templated":true}]}}