{"id":41469,"date":"2025-01-07T17:17:49","date_gmt":"2025-01-07T21:17:49","guid":{"rendered":"https:\/\/ciudadtrujillo.com\/?p=41469"},"modified":"2025-01-08T10:18:12","modified_gmt":"2025-01-08T14:18:12","slug":"en-trujillo-garantizan-regreso-a-clases-seguro-con-programa-salud-va-a-la-escuela","status":"publish","type":"post","link":"https:\/\/ciudadtrujillo.com\/?p=41469","title":{"rendered":"En Trujillo garantizan regreso a clases seguro con Programa Salud va a la Escuela"},"content":{"rendered":"<p style=\"text-align: justify;\">En el marco del inicio del segundo momento pedag\u00f3gico en el estado Trujillo, el Gobierno Bolivariano activ\u00f3 el programa Salud va a la Escuela para garantizar un regreso a clases seguro a los estudiantes de la Patria y al personal educativo con jornadas asistenciales, en cumplimiento a las orientaciones del Presidente Nicol\u00e1s Maduro y el gobernador Gerardo M\u00e1rquez.<\/p>\n<p style=\"text-align: justify;\">Desde el Complejo Educativo Juan Germ\u00e1n Roscio, ubicado en el municipio Valera, la secretaria regional del Sistema de Misiones y Grandes Misiones, Ang\u00e9lica Mor\u00f3n, destac\u00f3 que en articulaci\u00f3n con el Ministerio del Poder Popular para la Salud y el Frente Preventivo se desarroll\u00f3 la jornada de atenci\u00f3n integral en instituciones educativas de 13 municipios trujillanos.<\/p>\n<p style=\"text-align: justify;\">Se\u00f1al\u00f3 que a lo largo de la semana seguir\u00e1 desarroll\u00e1ndose el programa para fortalecer la atenci\u00f3n y protecci\u00f3n en el sector educativo, que en la entidad cuenta con 1.086 instituciones de escolaridad. \u201cEste tipo de jornadas son vinculadas y articuladas con la Organizaci\u00f3n Bolivariana Estudiantil (OBE) y con todo el sector educativo que hace vida activa en el estado Trujillo\u201d, explic\u00f3 Mor\u00f3n.<\/p>\n<p style=\"text-align: justify;\">Al respecto, Amira Lozada, vocera estadal de la OBE en Trujillo, enfatiz\u00f3 que desde la Federaci\u00f3n Venezolana de Estudiantes realizan el acompa\u00f1amiento del retorno a clases en las diferentes modalidades, \u201cd\u00e1ndole a cada estudiante su participaci\u00f3n protag\u00f3nica\u201d.<\/p>\n<p style=\"text-align: justify;\">Por su parte, Mariela M\u00e1rquez, como articuladora del Frente Preventivo en el estado Trujillo, asever\u00f3 que en el marco del regreso a las aulas se han desplegado con el fin de garantizar un retorno seguro. \u201cHemos estado fomentando los valores, la prevenci\u00f3n integral, las actividades para la vida con el fin de que nuestros estudiantes desarrollen su momento pedag\u00f3gico con total normalidad.<\/p>\n<p>&nbsp;<\/p>\n<p>&nbsp;<\/p>\n<h6>Yelimar Hidalgo\/Gr\u00e1ficas: Eiiph Fern\u00e1ndez<\/h6>\n","protected":false},"excerpt":{"rendered":"<p>En el marco del inicio del segundo momento pedag\u00f3gico en el estado Trujillo, el Gobierno Bolivariano activ\u00f3 el programa Salud va a la Escuela para garantizar un regreso a clases&hellip; <\/p>\n","protected":false},"author":7,"featured_media":41470,"comment_status":"closed","ping_status":"closed","sticky":false,"template":"","format":"standard","meta":{"footnotes":""},"categories":[52,40],"tags":[],"class_list":["post-41469","post","type-post","status-publish","format-standard","has-post-thumbnail","hentry","category-destacadas","category-grantrujillo"],"_links":{"self":[{"href":"https:\/\/ciudadtrujillo.com\/index.php?rest_route=\/wp\/v2\/posts\/41469","targetHints":{"allow":["GET"]}}],"collection":[{"href":"https:\/\/ciudadtrujillo.com\/index.php?rest_route=\/wp\/v2\/posts"}],"about":[{"href":"https:\/\/ciudadtrujillo.com\/index.php?rest_route=\/wp\/v2\/types\/post"}],"author":[{"embeddable":true,"href":"https:\/\/ciudadtrujillo.com\/index.php?rest_route=\/wp\/v2\/users\/7"}],"replies":[{"embeddable":true,"href":"https:\/\/ciudadtrujillo.com\/index.php?rest_route=%2Fwp%2Fv2%2Fcomments&post=41469"}],"version-history":[{"count":2,"href":"https:\/\/ciudadtrujillo.com\/index.php?rest_route=\/wp\/v2\/posts\/41469\/revisions"}],"predecessor-version":[{"id":41474,"href":"https:\/\/ciudadtrujillo.com\/index.php?rest_route=\/wp\/v2\/posts\/41469\/revisions\/41474"}],"wp:featuredmedia":[{"embeddable":true,"href":"https:\/\/ciudadtrujillo.com\/index.php?rest_route=\/wp\/v2\/media\/41470"}],"wp:attachment":[{"href":"https:\/\/ciudadtrujillo.com\/index.php?rest_route=%2Fwp%2Fv2%2Fmedia&parent=41469"}],"wp:term":[{"taxonomy":"category","embeddable":true,"href":"https:\/\/ciudadtrujillo.com\/index.php?rest_route=%2Fwp%2Fv2%2Fcategories&post=41469"},{"taxonomy":"post_tag","embeddable":true,"href":"https:\/\/ciudadtrujillo.com\/index.php?rest_route=%2Fwp%2Fv2%2Ftags&post=41469"}],"curies":[{"name":"wp","href":"https:\/\/api.w.org\/{rel}","templated":true}]}}