{"id":41438,"date":"2025-01-06T22:22:41","date_gmt":"2025-01-07T02:22:41","guid":{"rendered":"https:\/\/ciudadtrujillo.com\/?p=41438"},"modified":"2025-01-06T22:22:41","modified_gmt":"2025-01-07T02:22:41","slug":"ratifican-junta-directiva-del-concejo-municipal-de-trujillo","status":"publish","type":"post","link":"https:\/\/ciudadtrujillo.com\/?p=41438","title":{"rendered":"Ratifican junta directiva del Concejo Municipal de Trujillo"},"content":{"rendered":"<p style=\"text-align: justify;\">Con el compromiso de continuar ejerciendo funciones en favor del pueblo trujillano, se llev\u00f3 a cabo la Sesi\u00f3n de Instalaci\u00f3n, Elecci\u00f3n y Juramentaci\u00f3n de la Junta Directiva del Concejo Municipal de Trujillo para el periodo legislativo 2025, la cual fueron juramentados nuevamente como presidente el Lic. Daniel Castellanos, vicepresidente Msc. Yustin Sarmiento y como secretario Msc. Pedro P\u00e9rez.<\/p>\n<p style=\"text-align: justify;\">En compa\u00f1\u00eda del alcalde Carlos Ter\u00e1n, autoridades regionales, municipales y miembros del poder popular, los representantes reelectos se comprometieron a seguir fortaleciendo la gesti\u00f3n del Gobierno Bolivariano liderado por el Presidente Nicol\u00e1s Maduro.<\/p>\n<p style=\"text-align: justify;\">\u201cAsumimos este compromiso con la firme convicci\u00f3n de seguir impulsando pol\u00edticas que beneficien a nuestros ciudadanos\u201d, declar\u00f3 el presidente del Concejo Municipal, subrayando que este nuevo per\u00edodo ser\u00e1 clave para consolidar los avances logrados en gestiones anteriores.<\/p>\n<p style=\"text-align: justify;\">Este evento no solo marca el inicio de un nuevo ciclo para el Concejo Municipal de Trujillo, sino que tambi\u00e9n reafirma el compromiso de sus representantes con el desarrollo y bienestar de la poblaci\u00f3n trujillana.<\/p>\n<p>&nbsp;<\/p>\n<p>&nbsp;<\/p>\n<h6>Texto y gr\u00e1ficas: Prensa Alcald\u00eda de Trujillo<\/h6>\n","protected":false},"excerpt":{"rendered":"<p>Con el compromiso de continuar ejerciendo funciones en favor del pueblo trujillano, se llev\u00f3 a cabo la Sesi\u00f3n de Instalaci\u00f3n, Elecci\u00f3n y Juramentaci\u00f3n de la Junta Directiva del Concejo Municipal&hellip; <\/p>\n","protected":false},"author":7,"featured_media":41440,"comment_status":"closed","ping_status":"closed","sticky":false,"template":"","format":"standard","meta":{"footnotes":""},"categories":[40],"tags":[],"class_list":["post-41438","post","type-post","status-publish","format-standard","has-post-thumbnail","hentry","category-grantrujillo"],"_links":{"self":[{"href":"https:\/\/ciudadtrujillo.com\/index.php?rest_route=\/wp\/v2\/posts\/41438","targetHints":{"allow":["GET"]}}],"collection":[{"href":"https:\/\/ciudadtrujillo.com\/index.php?rest_route=\/wp\/v2\/posts"}],"about":[{"href":"https:\/\/ciudadtrujillo.com\/index.php?rest_route=\/wp\/v2\/types\/post"}],"author":[{"embeddable":true,"href":"https:\/\/ciudadtrujillo.com\/index.php?rest_route=\/wp\/v2\/users\/7"}],"replies":[{"embeddable":true,"href":"https:\/\/ciudadtrujillo.com\/index.php?rest_route=%2Fwp%2Fv2%2Fcomments&post=41438"}],"version-history":[{"count":1,"href":"https:\/\/ciudadtrujillo.com\/index.php?rest_route=\/wp\/v2\/posts\/41438\/revisions"}],"predecessor-version":[{"id":41441,"href":"https:\/\/ciudadtrujillo.com\/index.php?rest_route=\/wp\/v2\/posts\/41438\/revisions\/41441"}],"wp:featuredmedia":[{"embeddable":true,"href":"https:\/\/ciudadtrujillo.com\/index.php?rest_route=\/wp\/v2\/media\/41440"}],"wp:attachment":[{"href":"https:\/\/ciudadtrujillo.com\/index.php?rest_route=%2Fwp%2Fv2%2Fmedia&parent=41438"}],"wp:term":[{"taxonomy":"category","embeddable":true,"href":"https:\/\/ciudadtrujillo.com\/index.php?rest_route=%2Fwp%2Fv2%2Fcategories&post=41438"},{"taxonomy":"post_tag","embeddable":true,"href":"https:\/\/ciudadtrujillo.com\/index.php?rest_route=%2Fwp%2Fv2%2Ftags&post=41438"}],"curies":[{"name":"wp","href":"https:\/\/api.w.org\/{rel}","templated":true}]}}