{"id":41435,"date":"2025-01-06T22:17:02","date_gmt":"2025-01-07T02:17:02","guid":{"rendered":"https:\/\/ciudadtrujillo.com\/?p=41435"},"modified":"2025-01-06T22:17:02","modified_gmt":"2025-01-07T02:17:02","slug":"ciudad-deportiva-de-trujillo-sera-el-proyecto-de-modernizacion-del-2025","status":"publish","type":"post","link":"https:\/\/ciudadtrujillo.com\/?p=41435","title":{"rendered":"Ciudad Deportiva de Trujillo ser\u00e1 el proyecto de modernizaci\u00f3n del 2025"},"content":{"rendered":"<p style=\"text-align: justify;\">Este lunes, durante la Misa del Deporte, el gobernador Gerardo M\u00e1rquez anunci\u00f3 que para este a\u00f1o 2025 se ejecutar\u00e1 la recuperaci\u00f3n y modernizaci\u00f3n del Polideportivo Luis Loreto Lira, el cual llevar\u00e1 el nombre de Ciudad Deportiva del estado Trujillo.<\/p>\n<p style=\"text-align: justify;\">\u201cHemos presentado ante el pueblo de Trujillo un proyecto de remodelaci\u00f3n total con la incorporaci\u00f3n de \u00e1reas rentales para que las familias puedan compartir, parques recreacionales para los ni\u00f1os y la construcci\u00f3n de una cancha de voleibol y f\u00fatbol de playa, as\u00ed como una pista de patinaje extremo\u201d, dijo.<\/p>\n<p style=\"text-align: justify;\">M\u00e1rquez asever\u00f3 que actualmente el gabinete de infraestructura desarrolla la evaluaci\u00f3n de las \u00e1reas y la creaci\u00f3n de bocetos para iniciar pr\u00f3ximamente con las labores de rehabilitaci\u00f3n, interviniendo cada uno de los gimnasios con fachadas nuevas y acondicionamiento de ba\u00f1os y techos, as\u00ed como las caminer\u00edas e iluminaci\u00f3n.<\/p>\n<p style=\"text-align: justify;\">Mencion\u00f3 que ser\u00e1n impactados espacios como la Escuela de Talentos Deportivos, donde se preparar\u00e1n atletas de alto rendimiento.<\/p>\n<p style=\"text-align: justify;\">Entre otras \u00e1reas se intervendr\u00e1n, adem\u00e1s, la cerca perimetral, las residencias o villa del atleta, el vel\u00f3dromo y el estadio Jos\u00e9 Alberto P\u00e9rez para ponerlo al servicio de todos los niveles de futbol trujillano. \u00abA finales de a\u00f1o podremos decir que tendremos uno de los complejos deportivos m\u00e1s bonitos del pa\u00eds\u00bb, expres\u00f3 el mandatario regional.<\/p>\n<p>&nbsp;<\/p>\n<p>&nbsp;<\/p>\n<h6>Yelimar Hidalgo\/Gr\u00e1ficas: David Vasquez<\/h6>\n","protected":false},"excerpt":{"rendered":"<p>Este lunes, durante la Misa del Deporte, el gobernador Gerardo M\u00e1rquez anunci\u00f3 que para este a\u00f1o 2025 se ejecutar\u00e1 la recuperaci\u00f3n y modernizaci\u00f3n del Polideportivo Luis Loreto Lira, el cual&hellip; <\/p>\n","protected":false},"author":7,"featured_media":41436,"comment_status":"closed","ping_status":"closed","sticky":false,"template":"","format":"standard","meta":{"footnotes":""},"categories":[52,40],"tags":[],"class_list":["post-41435","post","type-post","status-publish","format-standard","has-post-thumbnail","hentry","category-destacadas","category-grantrujillo"],"_links":{"self":[{"href":"https:\/\/ciudadtrujillo.com\/index.php?rest_route=\/wp\/v2\/posts\/41435","targetHints":{"allow":["GET"]}}],"collection":[{"href":"https:\/\/ciudadtrujillo.com\/index.php?rest_route=\/wp\/v2\/posts"}],"about":[{"href":"https:\/\/ciudadtrujillo.com\/index.php?rest_route=\/wp\/v2\/types\/post"}],"author":[{"embeddable":true,"href":"https:\/\/ciudadtrujillo.com\/index.php?rest_route=\/wp\/v2\/users\/7"}],"replies":[{"embeddable":true,"href":"https:\/\/ciudadtrujillo.com\/index.php?rest_route=%2Fwp%2Fv2%2Fcomments&post=41435"}],"version-history":[{"count":1,"href":"https:\/\/ciudadtrujillo.com\/index.php?rest_route=\/wp\/v2\/posts\/41435\/revisions"}],"predecessor-version":[{"id":41437,"href":"https:\/\/ciudadtrujillo.com\/index.php?rest_route=\/wp\/v2\/posts\/41435\/revisions\/41437"}],"wp:featuredmedia":[{"embeddable":true,"href":"https:\/\/ciudadtrujillo.com\/index.php?rest_route=\/wp\/v2\/media\/41436"}],"wp:attachment":[{"href":"https:\/\/ciudadtrujillo.com\/index.php?rest_route=%2Fwp%2Fv2%2Fmedia&parent=41435"}],"wp:term":[{"taxonomy":"category","embeddable":true,"href":"https:\/\/ciudadtrujillo.com\/index.php?rest_route=%2Fwp%2Fv2%2Fcategories&post=41435"},{"taxonomy":"post_tag","embeddable":true,"href":"https:\/\/ciudadtrujillo.com\/index.php?rest_route=%2Fwp%2Fv2%2Ftags&post=41435"}],"curies":[{"name":"wp","href":"https:\/\/api.w.org\/{rel}","templated":true}]}}