{"id":41432,"date":"2025-01-06T22:12:56","date_gmt":"2025-01-07T02:12:56","guid":{"rendered":"https:\/\/ciudadtrujillo.com\/?p=41432"},"modified":"2025-01-06T22:12:56","modified_gmt":"2025-01-07T02:12:56","slug":"indet-premia-a-ciudad-trujillo-como-medio-de-comunicacion-del-ano","status":"publish","type":"post","link":"https:\/\/ciudadtrujillo.com\/?p=41432","title":{"rendered":"INDET premia a Ciudad Trujillo como medio de comunicaci\u00f3n del a\u00f1o"},"content":{"rendered":"<p style=\"text-align: justify;\">Este lunes, el Instituto de Deportes del estado Trujillo (INDET) reconoci\u00f3 la trayectoria del Diario Ciudad Trujillo, galardon\u00e1ndolo con la categor\u00eda del Medio de Comunicaci\u00f3n del A\u00f1o, honrando de esta manera la ardua labor de los periodistas.<\/p>\n<p style=\"text-align: justify;\">La distinci\u00f3n fue entregada durante la tradicional Misa del Deporte en el Foro Bolivariano del municipio Valera. Este evento reuni\u00f3 a destacados representantes del \u00e1mbito deportivo y medios de comunicaci\u00f3n.<\/p>\n<p style=\"text-align: justify;\">Cabe mencionar que fue un espacio propicio para destacar la labor del diario en la difusi\u00f3n de los eventos deportivos.<\/p>\n<p>&nbsp;<\/p>\n<p>&nbsp;<\/p>\n<h6>Rossiel Hurtado\/ Gianella Graterol<\/h6>\n","protected":false},"excerpt":{"rendered":"<p>Este lunes, el Instituto de Deportes del estado Trujillo (INDET) reconoci\u00f3 la trayectoria del Diario Ciudad Trujillo, galardon\u00e1ndolo con la categor\u00eda del Medio de Comunicaci\u00f3n del A\u00f1o, honrando de esta&hellip; <\/p>\n","protected":false},"author":7,"featured_media":41433,"comment_status":"closed","ping_status":"closed","sticky":false,"template":"","format":"standard","meta":{"footnotes":""},"categories":[40],"tags":[],"class_list":["post-41432","post","type-post","status-publish","format-standard","has-post-thumbnail","hentry","category-grantrujillo"],"_links":{"self":[{"href":"https:\/\/ciudadtrujillo.com\/index.php?rest_route=\/wp\/v2\/posts\/41432","targetHints":{"allow":["GET"]}}],"collection":[{"href":"https:\/\/ciudadtrujillo.com\/index.php?rest_route=\/wp\/v2\/posts"}],"about":[{"href":"https:\/\/ciudadtrujillo.com\/index.php?rest_route=\/wp\/v2\/types\/post"}],"author":[{"embeddable":true,"href":"https:\/\/ciudadtrujillo.com\/index.php?rest_route=\/wp\/v2\/users\/7"}],"replies":[{"embeddable":true,"href":"https:\/\/ciudadtrujillo.com\/index.php?rest_route=%2Fwp%2Fv2%2Fcomments&post=41432"}],"version-history":[{"count":1,"href":"https:\/\/ciudadtrujillo.com\/index.php?rest_route=\/wp\/v2\/posts\/41432\/revisions"}],"predecessor-version":[{"id":41434,"href":"https:\/\/ciudadtrujillo.com\/index.php?rest_route=\/wp\/v2\/posts\/41432\/revisions\/41434"}],"wp:featuredmedia":[{"embeddable":true,"href":"https:\/\/ciudadtrujillo.com\/index.php?rest_route=\/wp\/v2\/media\/41433"}],"wp:attachment":[{"href":"https:\/\/ciudadtrujillo.com\/index.php?rest_route=%2Fwp%2Fv2%2Fmedia&parent=41432"}],"wp:term":[{"taxonomy":"category","embeddable":true,"href":"https:\/\/ciudadtrujillo.com\/index.php?rest_route=%2Fwp%2Fv2%2Fcategories&post=41432"},{"taxonomy":"post_tag","embeddable":true,"href":"https:\/\/ciudadtrujillo.com\/index.php?rest_route=%2Fwp%2Fv2%2Ftags&post=41432"}],"curies":[{"name":"wp","href":"https:\/\/api.w.org\/{rel}","templated":true}]}}