{"id":41429,"date":"2025-01-06T22:09:50","date_gmt":"2025-01-07T02:09:50","guid":{"rendered":"https:\/\/ciudadtrujillo.com\/?p=41429"},"modified":"2025-01-06T22:09:50","modified_gmt":"2025-01-07T02:09:50","slug":"trujillano-gusneiver-gil-es-el-campeon-de-la-vuelta-a-bramon","status":"publish","type":"post","link":"https:\/\/ciudadtrujillo.com\/?p=41429","title":{"rendered":"Trujillano Gusneiver Gil es el campe\u00f3n de la Vuelta a Bram\u00f3n"},"content":{"rendered":"<p style=\"text-align: justify;\">El pedalista trujillano Gusneiver Gil del equipo Confiter\u00eda La Guacamaya Guacafruit ha sido proclamado como el nuevo campe\u00f3n de la Vuelta a Bram\u00f3n 2025, en su edici\u00f3n n\u00famero 53. Esta competencia se llev\u00f3 a cabo en el estado T\u00e1chira y cont\u00f3 con la participaci\u00f3n de diversos equipos de diferentes estados del pa\u00eds, as\u00ed como una representaci\u00f3n de Colombia.<\/p>\n<p style=\"text-align: justify;\">Es importante resaltar que en la primera etapa, el ciclista Gusneiver Gil se llev\u00f3 la victoria. La segunda etapa fue conquistada por Luis Mora del equipo Gobierno de Trujillo\/MinComercio, mientras que Manuel Medina, representando a Loter\u00eda del T\u00e1chira, gan\u00f3 la tercera etapa.<\/p>\n<p style=\"text-align: justify;\">Durante tres emocionantes d\u00edas, los aficionados al ciclismo vivieron intensamente el evento en el estado, llenando a los trujillanos de victorias.<\/p>\n<p>&nbsp;<\/p>\n<h6>Gianella Graterol\/Gr\u00e1ficas: Cortes\u00eda<\/h6>\n","protected":false},"excerpt":{"rendered":"<p>El pedalista trujillano Gusneiver Gil del equipo Confiter\u00eda La Guacamaya Guacafruit ha sido proclamado como el nuevo campe\u00f3n de la Vuelta a Bram\u00f3n 2025, en su edici\u00f3n n\u00famero 53. Esta&hellip; <\/p>\n","protected":false},"author":7,"featured_media":41430,"comment_status":"closed","ping_status":"closed","sticky":false,"template":"","format":"standard","meta":{"footnotes":""},"categories":[40],"tags":[],"class_list":["post-41429","post","type-post","status-publish","format-standard","has-post-thumbnail","hentry","category-grantrujillo"],"_links":{"self":[{"href":"https:\/\/ciudadtrujillo.com\/index.php?rest_route=\/wp\/v2\/posts\/41429","targetHints":{"allow":["GET"]}}],"collection":[{"href":"https:\/\/ciudadtrujillo.com\/index.php?rest_route=\/wp\/v2\/posts"}],"about":[{"href":"https:\/\/ciudadtrujillo.com\/index.php?rest_route=\/wp\/v2\/types\/post"}],"author":[{"embeddable":true,"href":"https:\/\/ciudadtrujillo.com\/index.php?rest_route=\/wp\/v2\/users\/7"}],"replies":[{"embeddable":true,"href":"https:\/\/ciudadtrujillo.com\/index.php?rest_route=%2Fwp%2Fv2%2Fcomments&post=41429"}],"version-history":[{"count":1,"href":"https:\/\/ciudadtrujillo.com\/index.php?rest_route=\/wp\/v2\/posts\/41429\/revisions"}],"predecessor-version":[{"id":41431,"href":"https:\/\/ciudadtrujillo.com\/index.php?rest_route=\/wp\/v2\/posts\/41429\/revisions\/41431"}],"wp:featuredmedia":[{"embeddable":true,"href":"https:\/\/ciudadtrujillo.com\/index.php?rest_route=\/wp\/v2\/media\/41430"}],"wp:attachment":[{"href":"https:\/\/ciudadtrujillo.com\/index.php?rest_route=%2Fwp%2Fv2%2Fmedia&parent=41429"}],"wp:term":[{"taxonomy":"category","embeddable":true,"href":"https:\/\/ciudadtrujillo.com\/index.php?rest_route=%2Fwp%2Fv2%2Fcategories&post=41429"},{"taxonomy":"post_tag","embeddable":true,"href":"https:\/\/ciudadtrujillo.com\/index.php?rest_route=%2Fwp%2Fv2%2Ftags&post=41429"}],"curies":[{"name":"wp","href":"https:\/\/api.w.org\/{rel}","templated":true}]}}