{"id":41426,"date":"2025-01-06T22:06:10","date_gmt":"2025-01-07T02:06:10","guid":{"rendered":"https:\/\/ciudadtrujillo.com\/?p=41426"},"modified":"2025-01-06T22:06:10","modified_gmt":"2025-01-07T02:06:10","slug":"presidente-nicolas-maduro-tengan-la-certeza-de-que-asistire-a-la-convocatoria-de-la-an","status":"publish","type":"post","link":"https:\/\/ciudadtrujillo.com\/?p=41426","title":{"rendered":"Presidente Nicol\u00e1s Maduro : Tengan la certeza de que asistir\u00e9 a la convocatoria de la AN"},"content":{"rendered":"<p style=\"text-align: justify;\">\u201cTengan la certeza de que, como presidente electo para el periodo constitucional 2025-2031, asistir\u00e9 a la convocatoria en el Palacio Federal Legislativo, sede de la Asamblea Nacional. \u00a1Nos vemos en las calles el 10 de enero!\u201d, expres\u00f3 el presidente de la Rep\u00fablica Bolivariana de Venezuela, Nicol\u00e1s Maduro, a trav\u00e9s de la publicaci\u00f3n de un video en su canal de Telegram.<\/p>\n<p style=\"text-align: justify;\">Es importante destacar que m\u00e1s de 35 Movimientos Sociales y pol\u00edticos del mundo, adem\u00e1s de delegaciones oficiales de pa\u00edses de todos los continentes, Rusia, China, Belar\u00fas, Ir\u00e1n, Turqu\u00eda y otros pa\u00edses de Asia, as\u00ed como Colombia, Bolivia, M\u00e9xico, Honduras, Nicaragua, los estados del Caribe entre ellos Cuba, y los Estados miembros de la Alianza Bolivariana de Nuestra Am\u00e9rica-Tratado de Comercio de los Pueblos (ALBA-TCP) y varias naciones de \u00c1frica, entre ellas Namibia y Argelia, han confirmado su presencia en Caracas para el acto de proclamaci\u00f3n del presidente reelecto, Nicol\u00e1s Maduro.<\/p>\n<p style=\"text-align: justify;\">Este 5 de enero se instal\u00f3 el periodo de sesiones del parlamento. En ese sentido, el jefe de Estado felicit\u00f3 a la ratificada junta directiva del Poder Legislativo que est\u00e1 encabezada por Jorge Rodr\u00edguez, Pedro Infante y Am\u00e9rica P\u00e9rez, a quienes les reiter\u00f3 que, junto a millones de mujeres y hombres del pueblo, estar\u00e1 el 10 de enero para cumplir con la Constituci\u00f3n y atender la convocatoria legal para juramentarse.<\/p>\n<p style=\"text-align: justify;\">A prop\u00f3sito de la instalaci\u00f3n de la AN, tambi\u00e9n fueron reafirmados en los cargos de secretar\u00eda y subsecretar\u00eda los ciudadanos Mar\u00eda Alejandra Hern\u00e1ndez Aldana y Jos\u00e9 Omar Molina Palencia, para ejercer la funci\u00f3n de acompa\u00f1ar a los diputados y las diputadas en el cumplimiento del buen funcionamiento de las leyes venezolanas junto al pueblo.<\/p>\n<p style=\"text-align: justify;\">La postulaci\u00f3n estuvo a cargo de la diputada Tania D\u00edaz, quien manifest\u00f3 que este 2025 \u00abes un a\u00f1o de construcci\u00f3n, un a\u00f1o de consolidaci\u00f3n. Nosotros tenemos una gran responsabilidad en esta Asamblea Nacional porque el pr\u00f3ximo 10 de enero, en este recinto, tenemos nuevamente que ganar en Venezuela otro cap\u00edtulo de la historia\u201d.<\/p>\n<p>&nbsp;<\/p>\n<p>&nbsp;<\/p>\n<h6>VTV<\/h6>\n","protected":false},"excerpt":{"rendered":"<p>\u201cTengan la certeza de que, como presidente electo para el periodo constitucional 2025-2031, asistir\u00e9 a la convocatoria en el Palacio Federal Legislativo, sede de la Asamblea Nacional. \u00a1Nos vemos en&hellip; <\/p>\n","protected":false},"author":7,"featured_media":41427,"comment_status":"closed","ping_status":"closed","sticky":false,"template":"","format":"standard","meta":{"footnotes":""},"categories":[41],"tags":[],"class_list":["post-41426","post","type-post","status-publish","format-standard","has-post-thumbnail","hentry","category-pais"],"_links":{"self":[{"href":"https:\/\/ciudadtrujillo.com\/index.php?rest_route=\/wp\/v2\/posts\/41426","targetHints":{"allow":["GET"]}}],"collection":[{"href":"https:\/\/ciudadtrujillo.com\/index.php?rest_route=\/wp\/v2\/posts"}],"about":[{"href":"https:\/\/ciudadtrujillo.com\/index.php?rest_route=\/wp\/v2\/types\/post"}],"author":[{"embeddable":true,"href":"https:\/\/ciudadtrujillo.com\/index.php?rest_route=\/wp\/v2\/users\/7"}],"replies":[{"embeddable":true,"href":"https:\/\/ciudadtrujillo.com\/index.php?rest_route=%2Fwp%2Fv2%2Fcomments&post=41426"}],"version-history":[{"count":1,"href":"https:\/\/ciudadtrujillo.com\/index.php?rest_route=\/wp\/v2\/posts\/41426\/revisions"}],"predecessor-version":[{"id":41428,"href":"https:\/\/ciudadtrujillo.com\/index.php?rest_route=\/wp\/v2\/posts\/41426\/revisions\/41428"}],"wp:featuredmedia":[{"embeddable":true,"href":"https:\/\/ciudadtrujillo.com\/index.php?rest_route=\/wp\/v2\/media\/41427"}],"wp:attachment":[{"href":"https:\/\/ciudadtrujillo.com\/index.php?rest_route=%2Fwp%2Fv2%2Fmedia&parent=41426"}],"wp:term":[{"taxonomy":"category","embeddable":true,"href":"https:\/\/ciudadtrujillo.com\/index.php?rest_route=%2Fwp%2Fv2%2Fcategories&post=41426"},{"taxonomy":"post_tag","embeddable":true,"href":"https:\/\/ciudadtrujillo.com\/index.php?rest_route=%2Fwp%2Fv2%2Ftags&post=41426"}],"curies":[{"name":"wp","href":"https:\/\/api.w.org\/{rel}","templated":true}]}}