{"id":41423,"date":"2025-01-06T22:02:39","date_gmt":"2025-01-07T02:02:39","guid":{"rendered":"https:\/\/ciudadtrujillo.com\/?p=41423"},"modified":"2025-01-06T22:02:39","modified_gmt":"2025-01-07T02:02:39","slug":"galardonados-atletas-trujillanos-en-tradicional-misa-del-deporte","status":"publish","type":"post","link":"https:\/\/ciudadtrujillo.com\/?p=41423","title":{"rendered":"Galardonados atletas trujillanos en tradicional Misa del Deporte"},"content":{"rendered":"<p style=\"text-align: justify;\">En el Foro Bolivariano del municipio Valera se desarroll\u00f3 la tradicional Misa del Deporte, como parte de la acostumbrada celebraci\u00f3n a inicios de a\u00f1o para agradecer por los logros alcanzados y destacar el potencial de los atletas trujillanos, exaltando adem\u00e1s el trabajo de las asociaciones y los entrenadores.<\/p>\n<p style=\"text-align: justify;\">Luego de la misa presidida por el Pbro. Jes\u00fas Emiro Su\u00e1rez y la entrega de reconocimientos a la familia deportiva del estado, el gobernador Gerardo M\u00e1rquez agradeci\u00f3 el apoyo del Presidente Nicol\u00e1s Maduro que ha contribuido al crecimiento deportivo del estado y detall\u00f3 que \u201cun atleta significa el futuro del pa\u00eds\u201d.<\/p>\n<p style=\"text-align: justify;\">\u201cNos hemos comprometido en que este es el a\u00f1o del resurgimiento del deporte, seguramente vamos a ocupar sitios privilegiados en el deporte nacional\u201d, expres\u00f3.<\/p>\n<p style=\"text-align: justify;\">Por su parte, el presidente del Instituto de Deportes del estado Trujillo (INDET), Jes\u00fas \u201cEl Trompo\u201d Gonz\u00e1lez, afirm\u00f3 que el compromiso de este 2025 es \u201cseguir impulsando la masificaci\u00f3n deportiva\u201d y resalt\u00f3 la participaci\u00f3n de Trujillo en importantes eventos como en los Juegos Nacionales Juveniles, Juegos Paranacionales, as\u00ed como el desarrollo del segundo Macro Evento Nacional de Gimnasia con la participaci\u00f3n de m\u00e1s de mil atletas, del cual el estado fue anfitri\u00f3n.<\/p>\n<p style=\"text-align: justify;\">Asimismo, el atleta trujillano Jos\u00e9 Ram\u00edrez, asever\u00f3 que los deportistas han contado \u201ccon el apoyo para poder desarrollarse profesionalmente como un atleta de alto rendimiento\u201d.<\/p>\n<p style=\"text-align: justify;\">\n\u201cSe nota el crecimiento en el \u00e1mbito deportivo, se duplicaron la cantidad de medallas conquistadas\u201d, manifest\u00f3.<\/p>\n<p>&nbsp;<\/p>\n<p>&nbsp;<\/p>\n<h6>Yarlenis Albarr\u00e1n\/Rossiel Hurtado\/Gr\u00e1ficas: David V\u00e1squez<\/h6>\n","protected":false},"excerpt":{"rendered":"<p>En el Foro Bolivariano del municipio Valera se desarroll\u00f3 la tradicional Misa del Deporte, como parte de la acostumbrada celebraci\u00f3n a inicios de a\u00f1o para agradecer por los logros alcanzados&hellip; <\/p>\n","protected":false},"author":7,"featured_media":41424,"comment_status":"closed","ping_status":"closed","sticky":false,"template":"","format":"standard","meta":{"footnotes":""},"categories":[40],"tags":[],"class_list":["post-41423","post","type-post","status-publish","format-standard","has-post-thumbnail","hentry","category-grantrujillo"],"_links":{"self":[{"href":"https:\/\/ciudadtrujillo.com\/index.php?rest_route=\/wp\/v2\/posts\/41423","targetHints":{"allow":["GET"]}}],"collection":[{"href":"https:\/\/ciudadtrujillo.com\/index.php?rest_route=\/wp\/v2\/posts"}],"about":[{"href":"https:\/\/ciudadtrujillo.com\/index.php?rest_route=\/wp\/v2\/types\/post"}],"author":[{"embeddable":true,"href":"https:\/\/ciudadtrujillo.com\/index.php?rest_route=\/wp\/v2\/users\/7"}],"replies":[{"embeddable":true,"href":"https:\/\/ciudadtrujillo.com\/index.php?rest_route=%2Fwp%2Fv2%2Fcomments&post=41423"}],"version-history":[{"count":1,"href":"https:\/\/ciudadtrujillo.com\/index.php?rest_route=\/wp\/v2\/posts\/41423\/revisions"}],"predecessor-version":[{"id":41425,"href":"https:\/\/ciudadtrujillo.com\/index.php?rest_route=\/wp\/v2\/posts\/41423\/revisions\/41425"}],"wp:featuredmedia":[{"embeddable":true,"href":"https:\/\/ciudadtrujillo.com\/index.php?rest_route=\/wp\/v2\/media\/41424"}],"wp:attachment":[{"href":"https:\/\/ciudadtrujillo.com\/index.php?rest_route=%2Fwp%2Fv2%2Fmedia&parent=41423"}],"wp:term":[{"taxonomy":"category","embeddable":true,"href":"https:\/\/ciudadtrujillo.com\/index.php?rest_route=%2Fwp%2Fv2%2Fcategories&post=41423"},{"taxonomy":"post_tag","embeddable":true,"href":"https:\/\/ciudadtrujillo.com\/index.php?rest_route=%2Fwp%2Fv2%2Ftags&post=41423"}],"curies":[{"name":"wp","href":"https:\/\/api.w.org\/{rel}","templated":true}]}}