{"id":41420,"date":"2025-01-06T21:59:46","date_gmt":"2025-01-07T01:59:46","guid":{"rendered":"https:\/\/ciudadtrujillo.com\/?p=41420"},"modified":"2025-01-07T11:47:36","modified_gmt":"2025-01-07T15:47:36","slug":"hoy-mas-de-153-mil-estudiantes-de-la-region-regresaran-a-las-aulas-de-clase","status":"publish","type":"post","link":"https:\/\/ciudadtrujillo.com\/?p=41420","title":{"rendered":"Hoy m\u00e1s de 153 mil estudiantes de la regi\u00f3n regresar\u00e1n a las aulas de clase"},"content":{"rendered":"<p style=\"text-align: justify;\">Este martes 7 de enero, en cumplimiento al cronograma establecido por el Ministerio del Poder Popular de Educaci\u00f3n, se reanudar\u00e1n las actividades en los 1.086 planteles de la entidad. Retornar\u00e1n un total de 153 mil 199 alumnos para regresar a sus actividades en el segundo momento pedag\u00f3gico.<\/p>\n<p style=\"text-align: justify;\">\u00abNos preparamos para el reinicio de clases. Este martes 7 de enero comienza el segundo momento pedag\u00f3gico, luego de las vacaciones navide\u00f1as. Convocamos a todo el personal educativo, padres, madres, representantes y a nuestros estudiantes a un feliz regreso a las aulas\u00bb, public\u00f3 el ministro de Educaci\u00f3n, H\u00e9ctor Rodr\u00edguez.<\/p>\n<p>&nbsp;<\/p>\n<p>&nbsp;<\/p>\n<h6>Eliph Catalina Fern\u00e1ndez\/Gr\u00e1ficas: Cortes\u00eda<\/h6>\n","protected":false},"excerpt":{"rendered":"<p>Este martes 7 de enero, en cumplimiento al cronograma establecido por el Ministerio del Poder Popular de Educaci\u00f3n, se reanudar\u00e1n las actividades en los 1.086 planteles de la entidad. Retornar\u00e1n&hellip; <\/p>\n","protected":false},"author":7,"featured_media":41421,"comment_status":"closed","ping_status":"closed","sticky":false,"template":"","format":"standard","meta":{"footnotes":""},"categories":[40],"tags":[],"class_list":["post-41420","post","type-post","status-publish","format-standard","has-post-thumbnail","hentry","category-grantrujillo"],"_links":{"self":[{"href":"https:\/\/ciudadtrujillo.com\/index.php?rest_route=\/wp\/v2\/posts\/41420","targetHints":{"allow":["GET"]}}],"collection":[{"href":"https:\/\/ciudadtrujillo.com\/index.php?rest_route=\/wp\/v2\/posts"}],"about":[{"href":"https:\/\/ciudadtrujillo.com\/index.php?rest_route=\/wp\/v2\/types\/post"}],"author":[{"embeddable":true,"href":"https:\/\/ciudadtrujillo.com\/index.php?rest_route=\/wp\/v2\/users\/7"}],"replies":[{"embeddable":true,"href":"https:\/\/ciudadtrujillo.com\/index.php?rest_route=%2Fwp%2Fv2%2Fcomments&post=41420"}],"version-history":[{"count":2,"href":"https:\/\/ciudadtrujillo.com\/index.php?rest_route=\/wp\/v2\/posts\/41420\/revisions"}],"predecessor-version":[{"id":41443,"href":"https:\/\/ciudadtrujillo.com\/index.php?rest_route=\/wp\/v2\/posts\/41420\/revisions\/41443"}],"wp:featuredmedia":[{"embeddable":true,"href":"https:\/\/ciudadtrujillo.com\/index.php?rest_route=\/wp\/v2\/media\/41421"}],"wp:attachment":[{"href":"https:\/\/ciudadtrujillo.com\/index.php?rest_route=%2Fwp%2Fv2%2Fmedia&parent=41420"}],"wp:term":[{"taxonomy":"category","embeddable":true,"href":"https:\/\/ciudadtrujillo.com\/index.php?rest_route=%2Fwp%2Fv2%2Fcategories&post=41420"},{"taxonomy":"post_tag","embeddable":true,"href":"https:\/\/ciudadtrujillo.com\/index.php?rest_route=%2Fwp%2Fv2%2Ftags&post=41420"}],"curies":[{"name":"wp","href":"https:\/\/api.w.org\/{rel}","templated":true}]}}