{"id":41417,"date":"2025-01-06T21:57:39","date_gmt":"2025-01-07T01:57:39","guid":{"rendered":"https:\/\/ciudadtrujillo.com\/?p=41417"},"modified":"2025-01-06T21:57:39","modified_gmt":"2025-01-07T01:57:39","slug":"fanb-en-la-entidad-rechaza-politiqueria-barata-y-ratifica-compromiso-con-la-democracia","status":"publish","type":"post","link":"https:\/\/ciudadtrujillo.com\/?p=41417","title":{"rendered":"FANB en la entidad rechaza \u00abpolitiquer\u00eda barata\u00bb y ratifica compromiso con la democracia"},"content":{"rendered":"<p style=\"text-align: justify;\">La Fuerza Armada Nacional Bolivariana (Fanb) ratific\u00f3 el respaldo al Presidente Constitucional reelecto de la Rep\u00fablica Bolivariana de Venezuela, Nicol\u00e1s Maduro, al tiempo que rechaz\u00f3 los actos de \u00abpolitiquer\u00eda barata\u00bb emitidos por el excandidato presidencial Edmundo Gonz\u00e1lez Urrutia en un video en el cual convoca a apartarse de la institucionalidad.<\/p>\n<p style=\"text-align: justify;\">El comandante de la Zona Operativa de Defensa Integral n\u00famero 23 Trujillo, GD Rafael Zerpa Zambrano, en compa\u00f1\u00eda del gobernador Gerardo M\u00e1rquez e integrantes de diversos cuerpos de seguridad desde el 222 Batall\u00f3n de Infanter\u00eda Motorizada \u201cCnel Luis Mar\u00eda Rivas D\u00e1vila\u201d, dijo que estos \u00abplanteamientos irracionales e incoherentes que demuestran no solo ignorancia respecto a esta honorable instituci\u00f3n, sino adem\u00e1s una exacerbada desesperaci\u00f3n ante el inminente y estrepitoso fracaso de sus planes golpistas\u00bb, expres\u00f3 el general.<\/p>\n<p style=\"text-align: justify;\">Este pronunciamiento va en concordancia con el ofrecido por el vicepresidente Sectorial de Defensa y Soberan\u00eda, G\/J Vladimir Padrino L\u00f3pez expres\u00f3 que \u201cla Fanb se ha desplegado durante todos estos tiempos en los que la ultraderecha venezolana, fascista, ha intentando llamarnos a la guerra fratricida, al enfrentamiento entre venezolanos. No sabe lo que est\u00e1n intentando hacer y por eso lo invocan con tanta ligereza\u201d, recalc\u00f3. Asimismo, Padrino resalt\u00f3 que la Fanb es una instituci\u00f3n comprometida con la defensa de la soberan\u00eda del pa\u00eds y la expresi\u00f3n popular.<\/p>\n<p>&nbsp;<\/p>\n<p>&nbsp;<\/p>\n<h6>Eliph Catalina Fern\u00e1ndez\/Gr\u00e1ficas: F\u00e9lix Mart\u00edn<\/h6>\n","protected":false},"excerpt":{"rendered":"<p>La Fuerza Armada Nacional Bolivariana (Fanb) ratific\u00f3 el respaldo al Presidente Constitucional reelecto de la Rep\u00fablica Bolivariana de Venezuela, Nicol\u00e1s Maduro, al tiempo que rechaz\u00f3 los actos de \u00abpolitiquer\u00eda barata\u00bb&hellip; <\/p>\n","protected":false},"author":7,"featured_media":41418,"comment_status":"closed","ping_status":"closed","sticky":false,"template":"","format":"standard","meta":{"footnotes":""},"categories":[40],"tags":[],"class_list":["post-41417","post","type-post","status-publish","format-standard","has-post-thumbnail","hentry","category-grantrujillo"],"_links":{"self":[{"href":"https:\/\/ciudadtrujillo.com\/index.php?rest_route=\/wp\/v2\/posts\/41417","targetHints":{"allow":["GET"]}}],"collection":[{"href":"https:\/\/ciudadtrujillo.com\/index.php?rest_route=\/wp\/v2\/posts"}],"about":[{"href":"https:\/\/ciudadtrujillo.com\/index.php?rest_route=\/wp\/v2\/types\/post"}],"author":[{"embeddable":true,"href":"https:\/\/ciudadtrujillo.com\/index.php?rest_route=\/wp\/v2\/users\/7"}],"replies":[{"embeddable":true,"href":"https:\/\/ciudadtrujillo.com\/index.php?rest_route=%2Fwp%2Fv2%2Fcomments&post=41417"}],"version-history":[{"count":1,"href":"https:\/\/ciudadtrujillo.com\/index.php?rest_route=\/wp\/v2\/posts\/41417\/revisions"}],"predecessor-version":[{"id":41419,"href":"https:\/\/ciudadtrujillo.com\/index.php?rest_route=\/wp\/v2\/posts\/41417\/revisions\/41419"}],"wp:featuredmedia":[{"embeddable":true,"href":"https:\/\/ciudadtrujillo.com\/index.php?rest_route=\/wp\/v2\/media\/41418"}],"wp:attachment":[{"href":"https:\/\/ciudadtrujillo.com\/index.php?rest_route=%2Fwp%2Fv2%2Fmedia&parent=41417"}],"wp:term":[{"taxonomy":"category","embeddable":true,"href":"https:\/\/ciudadtrujillo.com\/index.php?rest_route=%2Fwp%2Fv2%2Fcategories&post=41417"},{"taxonomy":"post_tag","embeddable":true,"href":"https:\/\/ciudadtrujillo.com\/index.php?rest_route=%2Fwp%2Fv2%2Ftags&post=41417"}],"curies":[{"name":"wp","href":"https:\/\/api.w.org\/{rel}","templated":true}]}}