{"id":41414,"date":"2025-01-06T21:55:16","date_gmt":"2025-01-07T01:55:16","guid":{"rendered":"https:\/\/ciudadtrujillo.com\/?p=41414"},"modified":"2025-01-06T21:55:16","modified_gmt":"2025-01-07T01:55:16","slug":"reyes-magos-llegan-a-san-miguel-de-bocono-para-homenajear-al-nino-jesus","status":"publish","type":"post","link":"https:\/\/ciudadtrujillo.com\/?p=41414","title":{"rendered":"Reyes Magos llegan a San Miguel de Bocon\u00f3 para homenajear al Ni\u00f1o Jes\u00fas"},"content":{"rendered":"<p style=\"text-align: justify;\">Cada 6 de enero, con el tradicional repique de campanas, fuegos artificiales, m\u00fasica, risas y alegr\u00eda, inicia la llegada de los Reyes Magos a San Miguel de Bocon\u00f3, para rendir homenaje al Redentor del Mundo.<\/p>\n<p style=\"text-align: justify;\">Desde las 11 de la ma\u00f1ana habitantes de Cabimb\u00fa, Piedra Gorda, Cerro de Paja Loma de San Miguel, Potrero Grande, Cerro de Agua Fr\u00eda, La Cava, El Sayal y de San Miguel llegan hasta el templo para la misa de la epifan\u00eda del Se\u00f1or.<\/p>\n<p style=\"text-align: justify;\">Los Pastores de San Miguel llegan luciendo sus trajes al estilo de arlequines; llevando m\u00e1scaras y una gorra en forma de embudo de largos decorados con cintas. Llevan un palo corto que usan en su baile, acompa\u00f1ados por m\u00fasicos con: tambores, cuatro y violines, con el fervor musical y espiritual que representa, para unirse a la llegada de los Reyes Magos y festejar al ni\u00f1o Jes\u00fas.<\/p>\n<p>Marcial Infante, p\u00e1rroco de la iglesia San Rafael Arc\u00e1ngel, expres\u00f3 el regocijo que siente el pueblo bocon\u00e9s y sus visitantes al vivir esta emotiva y representativa tradici\u00f3n donde los pastores se re\u00fanen junto a los Reyes Magos celebrar la manifestaci\u00f3n del Se\u00f1or. \u201cEs una de las tradiciones y culturas m\u00e1s hermosas que representa al pueblo de Bocon\u00f3 e invitamos a que vengan para conocer y disfrutar de esta celebraci\u00f3n\u201d, agreg\u00f3.<\/p>\n<p style=\"text-align: justify;\">Es de resaltar que esta costumbre trujillana data desde hace aproximadamente hace m\u00e1s de 450 a\u00f1os en el pueblo de Bocon\u00f3, donde Melchor, Gaspar y Baltasar vienen de la loma m\u00e1s alta a caballo y guiados por una estrella, una bonita tradici\u00f3n que a\u00f1o con a\u00f1o se convierte en uno de los momentos m\u00e1s esperados por los pobladores y visitantes.<\/p>\n<p>&nbsp;<\/p>\n<p>&nbsp;<\/p>\n<h6>Prensa CTT<\/h6>\n","protected":false},"excerpt":{"rendered":"<p>Cada 6 de enero, con el tradicional repique de campanas, fuegos artificiales, m\u00fasica, risas y alegr\u00eda, inicia la llegada de los Reyes Magos a San Miguel de Bocon\u00f3, para rendir&hellip; <\/p>\n","protected":false},"author":7,"featured_media":41415,"comment_status":"closed","ping_status":"closed","sticky":false,"template":"","format":"standard","meta":{"footnotes":""},"categories":[40],"tags":[],"class_list":["post-41414","post","type-post","status-publish","format-standard","has-post-thumbnail","hentry","category-grantrujillo"],"_links":{"self":[{"href":"https:\/\/ciudadtrujillo.com\/index.php?rest_route=\/wp\/v2\/posts\/41414","targetHints":{"allow":["GET"]}}],"collection":[{"href":"https:\/\/ciudadtrujillo.com\/index.php?rest_route=\/wp\/v2\/posts"}],"about":[{"href":"https:\/\/ciudadtrujillo.com\/index.php?rest_route=\/wp\/v2\/types\/post"}],"author":[{"embeddable":true,"href":"https:\/\/ciudadtrujillo.com\/index.php?rest_route=\/wp\/v2\/users\/7"}],"replies":[{"embeddable":true,"href":"https:\/\/ciudadtrujillo.com\/index.php?rest_route=%2Fwp%2Fv2%2Fcomments&post=41414"}],"version-history":[{"count":1,"href":"https:\/\/ciudadtrujillo.com\/index.php?rest_route=\/wp\/v2\/posts\/41414\/revisions"}],"predecessor-version":[{"id":41416,"href":"https:\/\/ciudadtrujillo.com\/index.php?rest_route=\/wp\/v2\/posts\/41414\/revisions\/41416"}],"wp:featuredmedia":[{"embeddable":true,"href":"https:\/\/ciudadtrujillo.com\/index.php?rest_route=\/wp\/v2\/media\/41415"}],"wp:attachment":[{"href":"https:\/\/ciudadtrujillo.com\/index.php?rest_route=%2Fwp%2Fv2%2Fmedia&parent=41414"}],"wp:term":[{"taxonomy":"category","embeddable":true,"href":"https:\/\/ciudadtrujillo.com\/index.php?rest_route=%2Fwp%2Fv2%2Fcategories&post=41414"},{"taxonomy":"post_tag","embeddable":true,"href":"https:\/\/ciudadtrujillo.com\/index.php?rest_route=%2Fwp%2Fv2%2Ftags&post=41414"}],"curies":[{"name":"wp","href":"https:\/\/api.w.org\/{rel}","templated":true}]}}