{"id":41408,"date":"2025-01-06T21:50:55","date_gmt":"2025-01-07T01:50:55","guid":{"rendered":"https:\/\/ciudadtrujillo.com\/?p=41408"},"modified":"2025-01-06T21:50:55","modified_gmt":"2025-01-07T01:50:55","slug":"bolivia-bajo-emergencia-por-intensas-lluvias-en-casi-todo-el-pais","status":"publish","type":"post","link":"https:\/\/ciudadtrujillo.com\/?p=41408","title":{"rendered":"Bolivia bajo emergencia por intensas lluvias en casi todo el pa\u00eds"},"content":{"rendered":"<p style=\"text-align: justify;\">El viceministro de Defensa Civil de Bolivia, Juan Carlos Calvimontes, asegur\u00f3 que las intensas lluvias afectan a ocho de los nueve departamentos del pa\u00eds, lo que genera temores por posibles desbordes en r\u00edos en 285 municipios. Calvimontes destac\u00f3 que \u00abestamos en constante actualizaci\u00f3n de la informaci\u00f3n, con ocho departamentos ya impactados por las lluvias\u00bb.<\/p>\n<p style=\"text-align: justify;\">El Servicio Nacional de Meteorolog\u00eda e Hidrolog\u00eda (Senamhi) de Bolivia ha emitido dos alertas: la primera, de tipo hidrol\u00f3gica, que est\u00e1 vigente del 3 al 13 de enero y prev\u00e9 un aumento en los niveles de agua en todos los departamentos del pa\u00eds.<\/p>\n<p style=\"text-align: justify;\">Desde noviembre, Bolivia ha estado bajo la temporada de lluvias, y las primeras precipitaciones ocasionaron deslaves en la zona de Bajo Llojeta, en La Paz, el 25 de noviembre. El incidente sepult\u00f3 numerosas viviendas, afect\u00f3 a cerca de 40 familias y caus\u00f3 la muerte de una menor.<\/p>\n<p style=\"text-align: justify;\">El viceministro tambi\u00e9n advirti\u00f3 sobre una segunda alerta meteorol\u00f3gica que anticipa tormentas el\u00e9ctricas y lluvias de mediana a gran intensidad en todo el pa\u00eds. \u00abSe espera que esta semana haya fuertes precipitaciones en todo el territorio nacional\u00bb, agreg\u00f3.<\/p>\n<p style=\"text-align: justify;\">Hasta la fecha, se reportan 14 fallecidos a causa de las lluvias y desbordes. En el a\u00f1o 2023, Bolivia registr\u00f3 27 fallecimientos, una persona desaparecida y 10 mil 662 familias damnificadas debido a desastres naturales.<\/p>\n<p>&nbsp;<\/p>\n<p>&nbsp;<\/p>\n<h6>VTV<\/h6>\n","protected":false},"excerpt":{"rendered":"<p>El viceministro de Defensa Civil de Bolivia, Juan Carlos Calvimontes, asegur\u00f3 que las intensas lluvias afectan a ocho de los nueve departamentos del pa\u00eds, lo que genera temores por posibles&hellip; <\/p>\n","protected":false},"author":7,"featured_media":41409,"comment_status":"closed","ping_status":"closed","sticky":false,"template":"","format":"standard","meta":{"footnotes":""},"categories":[42],"tags":[],"class_list":["post-41408","post","type-post","status-publish","format-standard","has-post-thumbnail","hentry","category-mundo"],"_links":{"self":[{"href":"https:\/\/ciudadtrujillo.com\/index.php?rest_route=\/wp\/v2\/posts\/41408","targetHints":{"allow":["GET"]}}],"collection":[{"href":"https:\/\/ciudadtrujillo.com\/index.php?rest_route=\/wp\/v2\/posts"}],"about":[{"href":"https:\/\/ciudadtrujillo.com\/index.php?rest_route=\/wp\/v2\/types\/post"}],"author":[{"embeddable":true,"href":"https:\/\/ciudadtrujillo.com\/index.php?rest_route=\/wp\/v2\/users\/7"}],"replies":[{"embeddable":true,"href":"https:\/\/ciudadtrujillo.com\/index.php?rest_route=%2Fwp%2Fv2%2Fcomments&post=41408"}],"version-history":[{"count":1,"href":"https:\/\/ciudadtrujillo.com\/index.php?rest_route=\/wp\/v2\/posts\/41408\/revisions"}],"predecessor-version":[{"id":41410,"href":"https:\/\/ciudadtrujillo.com\/index.php?rest_route=\/wp\/v2\/posts\/41408\/revisions\/41410"}],"wp:featuredmedia":[{"embeddable":true,"href":"https:\/\/ciudadtrujillo.com\/index.php?rest_route=\/wp\/v2\/media\/41409"}],"wp:attachment":[{"href":"https:\/\/ciudadtrujillo.com\/index.php?rest_route=%2Fwp%2Fv2%2Fmedia&parent=41408"}],"wp:term":[{"taxonomy":"category","embeddable":true,"href":"https:\/\/ciudadtrujillo.com\/index.php?rest_route=%2Fwp%2Fv2%2Fcategories&post=41408"},{"taxonomy":"post_tag","embeddable":true,"href":"https:\/\/ciudadtrujillo.com\/index.php?rest_route=%2Fwp%2Fv2%2Ftags&post=41408"}],"curies":[{"name":"wp","href":"https:\/\/api.w.org\/{rel}","templated":true}]}}