{"id":41401,"date":"2025-01-05T21:09:05","date_gmt":"2025-01-06T01:09:05","guid":{"rendered":"https:\/\/ciudadtrujillo.com\/?p=41401"},"modified":"2025-01-05T21:09:05","modified_gmt":"2025-01-06T01:09:05","slug":"juramentada-directiva-del-concejo-municipal-de-bocono","status":"publish","type":"post","link":"https:\/\/ciudadtrujillo.com\/?p=41401","title":{"rendered":"Juramentada directiva del Concejo Municipal de Bocon\u00f3"},"content":{"rendered":"<p style=\"text-align: justify;\">Desde el Sal\u00f3n de Sesiones del Concejo Municipal, con la presencia del alcalde Prof. Alejandro Garc\u00eda, acompa\u00f1ado de su tren ejecutivo, ediles que conforman la C\u00e1mara Municipal, Contralor\u00eda Municipal, Sindicatura Municipal, Cuerpos de Seguridad Ciudadana, miembros de los organismos del estado, Partido Socialista Unido de Venezuela (Psuv) y Gran Polo Patriotico, invitados especiales y poder popular.<\/p>\n<p style=\"text-align: justify;\">Quedaron ratificados por unanimidad los Concejales Prof David Mej\u00eda como presidente y Luz Mariana Garc\u00eda como vicepresidenta de la C\u00e1mara Municipal, adem\u00e1s se ratifico a la Abogada Yesica Rojas como secretaria del Parlamento Municipal, propuestos por el concejal Jos\u00e9 Azuaje y aprobado por unanimidad por por los dem\u00e1s ediles.<\/p>\n<p style=\"text-align: justify;\">De esta forma cumpliendo con lo establecido en la constituci\u00f3n y las leyes venezolanas qued\u00f3 juramentada la nueva Junta de la C\u00e1mara Municipal.<\/p>\n<p>&nbsp;<\/p>\n<p>&nbsp;<\/p>\n<h6>Prensa Alcald\u00eda de Bocon\u00f3<\/h6>\n","protected":false},"excerpt":{"rendered":"<p>Desde el Sal\u00f3n de Sesiones del Concejo Municipal, con la presencia del alcalde Prof. Alejandro Garc\u00eda, acompa\u00f1ado de su tren ejecutivo, ediles que conforman la C\u00e1mara Municipal, Contralor\u00eda Municipal, Sindicatura&hellip; <\/p>\n","protected":false},"author":7,"featured_media":41402,"comment_status":"closed","ping_status":"closed","sticky":false,"template":"","format":"standard","meta":{"footnotes":""},"categories":[40],"tags":[],"class_list":["post-41401","post","type-post","status-publish","format-standard","has-post-thumbnail","hentry","category-grantrujillo"],"_links":{"self":[{"href":"https:\/\/ciudadtrujillo.com\/index.php?rest_route=\/wp\/v2\/posts\/41401","targetHints":{"allow":["GET"]}}],"collection":[{"href":"https:\/\/ciudadtrujillo.com\/index.php?rest_route=\/wp\/v2\/posts"}],"about":[{"href":"https:\/\/ciudadtrujillo.com\/index.php?rest_route=\/wp\/v2\/types\/post"}],"author":[{"embeddable":true,"href":"https:\/\/ciudadtrujillo.com\/index.php?rest_route=\/wp\/v2\/users\/7"}],"replies":[{"embeddable":true,"href":"https:\/\/ciudadtrujillo.com\/index.php?rest_route=%2Fwp%2Fv2%2Fcomments&post=41401"}],"version-history":[{"count":1,"href":"https:\/\/ciudadtrujillo.com\/index.php?rest_route=\/wp\/v2\/posts\/41401\/revisions"}],"predecessor-version":[{"id":41403,"href":"https:\/\/ciudadtrujillo.com\/index.php?rest_route=\/wp\/v2\/posts\/41401\/revisions\/41403"}],"wp:featuredmedia":[{"embeddable":true,"href":"https:\/\/ciudadtrujillo.com\/index.php?rest_route=\/wp\/v2\/media\/41402"}],"wp:attachment":[{"href":"https:\/\/ciudadtrujillo.com\/index.php?rest_route=%2Fwp%2Fv2%2Fmedia&parent=41401"}],"wp:term":[{"taxonomy":"category","embeddable":true,"href":"https:\/\/ciudadtrujillo.com\/index.php?rest_route=%2Fwp%2Fv2%2Fcategories&post=41401"},{"taxonomy":"post_tag","embeddable":true,"href":"https:\/\/ciudadtrujillo.com\/index.php?rest_route=%2Fwp%2Fv2%2Ftags&post=41401"}],"curies":[{"name":"wp","href":"https:\/\/api.w.org\/{rel}","templated":true}]}}