{"id":41398,"date":"2025-01-05T21:05:56","date_gmt":"2025-01-06T01:05:56","guid":{"rendered":"https:\/\/ciudadtrujillo.com\/?p=41398"},"modified":"2025-01-05T21:05:56","modified_gmt":"2025-01-06T01:05:56","slug":"ratificada-junta-directiva-del-consejo-legislativo-del-estado-trujillo-para-el-periodo-2025","status":"publish","type":"post","link":"https:\/\/ciudadtrujillo.com\/?p=41398","title":{"rendered":"Ratificada junta directiva del Consejo Legislativo del estado Trujillo para el per\u00edodo 2025"},"content":{"rendered":"<p style=\"text-align: justify;\">Tal como estaba previsto, desde el Consejo Legislativo del estado Trujillo se llev\u00f3 a cabo la sesi\u00f3n especial de instalaci\u00f3n, elecci\u00f3n y juramentaci\u00f3n de la Junta Directiva, en la cual qued\u00f3 ratificado el parlamentario Carlos Iglesias para el per\u00edodo 2025 como presidente del \u00f3rgano, aprobado por la mayor\u00eda de los legisladores presentes en virtud de su trayectoria y compromiso a favor del pueblo.<\/p>\n<p style=\"text-align: justify;\">Asimismo, la legisladora Denitza Quevedo recibi\u00f3 la reelecci\u00f3n en la vicepresidencia de esta Junta Directiva y la mag\u00edster Rosal\u00eda Barazarte en la secretar\u00eda de c\u00e1mara del parlamento trujillano. Luego del acto de juramentaci\u00f3n del cuerpo legislativo en presencia de autoridades del ejecutivo regional y el pueblo en pleno, se dio inicio al primer per\u00edodo de sesiones ordinarias del a\u00f1o 2025 del Clet.<\/p>\n<p style=\"text-align: justify;\">Al respecto, el parlamentario reelecto asever\u00f3 que seguir\u00e1 trabajando hombro a hombro con el gobernador Gerardo M\u00e1rquez y el Poder Popular Organizado asumiendo la responsabilidad y la confianza depositada en su legislaci\u00f3n.<\/p>\n<p style=\"text-align: justify;\">\u00abEstamos construyendo una democracia real en medio de complejidades, luchas y guerras inducidas que tratan de frenar el curso de la Revoluci\u00f3n Bolivariana. Tenemos la esperanza en nuestro Presidente Nicol\u00e1s Maduro para lograr la recuperaci\u00f3n econ\u00f3mica de la Patria\u00bb, dijo Iglesias.<\/p>\n<p style=\"text-align: justify;\">Destac\u00f3 que seguir\u00e1n en defensa de los ideales bolivarianos que son parte de las acciones para proteger la naci\u00f3n de arremetidas imperialistas.<\/p>\n<p style=\"text-align: justify;\">Mencion\u00f3 que como parte de las proyecciones para el 2025, se estima la revisi\u00f3n del ordenamiento jur\u00eddico legal con \u00abunas leyes ya pendientes para este per\u00edodo, todo ajustado a la coyuntura actual y marco legal\u00bb.<\/p>\n<p>&nbsp;<\/p>\n<p>&nbsp;<\/p>\n<h6>Yelimar Hidalgo\/Gr\u00e1ficas: David Vasquez<\/h6>\n","protected":false},"excerpt":{"rendered":"<p>Tal como estaba previsto, desde el Consejo Legislativo del estado Trujillo se llev\u00f3 a cabo la sesi\u00f3n especial de instalaci\u00f3n, elecci\u00f3n y juramentaci\u00f3n de la Junta Directiva, en la cual&hellip; <\/p>\n","protected":false},"author":7,"featured_media":41399,"comment_status":"closed","ping_status":"closed","sticky":false,"template":"","format":"standard","meta":{"footnotes":""},"categories":[52,40],"tags":[],"class_list":["post-41398","post","type-post","status-publish","format-standard","has-post-thumbnail","hentry","category-destacadas","category-grantrujillo"],"_links":{"self":[{"href":"https:\/\/ciudadtrujillo.com\/index.php?rest_route=\/wp\/v2\/posts\/41398","targetHints":{"allow":["GET"]}}],"collection":[{"href":"https:\/\/ciudadtrujillo.com\/index.php?rest_route=\/wp\/v2\/posts"}],"about":[{"href":"https:\/\/ciudadtrujillo.com\/index.php?rest_route=\/wp\/v2\/types\/post"}],"author":[{"embeddable":true,"href":"https:\/\/ciudadtrujillo.com\/index.php?rest_route=\/wp\/v2\/users\/7"}],"replies":[{"embeddable":true,"href":"https:\/\/ciudadtrujillo.com\/index.php?rest_route=%2Fwp%2Fv2%2Fcomments&post=41398"}],"version-history":[{"count":1,"href":"https:\/\/ciudadtrujillo.com\/index.php?rest_route=\/wp\/v2\/posts\/41398\/revisions"}],"predecessor-version":[{"id":41400,"href":"https:\/\/ciudadtrujillo.com\/index.php?rest_route=\/wp\/v2\/posts\/41398\/revisions\/41400"}],"wp:featuredmedia":[{"embeddable":true,"href":"https:\/\/ciudadtrujillo.com\/index.php?rest_route=\/wp\/v2\/media\/41399"}],"wp:attachment":[{"href":"https:\/\/ciudadtrujillo.com\/index.php?rest_route=%2Fwp%2Fv2%2Fmedia&parent=41398"}],"wp:term":[{"taxonomy":"category","embeddable":true,"href":"https:\/\/ciudadtrujillo.com\/index.php?rest_route=%2Fwp%2Fv2%2Fcategories&post=41398"},{"taxonomy":"post_tag","embeddable":true,"href":"https:\/\/ciudadtrujillo.com\/index.php?rest_route=%2Fwp%2Fv2%2Ftags&post=41398"}],"curies":[{"name":"wp","href":"https:\/\/api.w.org\/{rel}","templated":true}]}}