{"id":41394,"date":"2025-01-05T20:59:07","date_gmt":"2025-01-06T00:59:07","guid":{"rendered":"https:\/\/ciudadtrujillo.com\/?p=41394"},"modified":"2025-01-05T20:59:07","modified_gmt":"2025-01-06T00:59:07","slug":"instalada-camara-municipal-de-valera","status":"publish","type":"post","link":"https:\/\/ciudadtrujillo.com\/?p=41394","title":{"rendered":"Instalada C\u00e1mara Municipal de Valera"},"content":{"rendered":"<p style=\"text-align: justify;\">Este domingo, desde su sal\u00f3n de sesiones, fue ratificada y juramentada la junta que liderar\u00e1 durante este 2025 la C\u00e1mara Municipal de Valera.<\/p>\n<p style=\"text-align: justify;\">La presidenta es Andreina Vielma, vicepresidente Mauro Araujo mientras que en la secretar\u00eda est\u00e1 Magally Graterol.<\/p>\n<p style=\"text-align: justify;\">A esta apertura de sesiones asisti\u00f3 el reci\u00e9n juramentado presidente del Consejo Legislativo del estado, Carlos Iglesias; el diputado a la Asamblea Nacional, Francisco Garc\u00eda, entre otras personalidades de la entidad.<\/p>\n<p>&nbsp;<\/p>\n<p>&nbsp;<\/p>\n<h6>Eliph Catalina Fern\u00e1ndez\/Gr\u00e1ficas: Cortes\u00eda<\/h6>\n","protected":false},"excerpt":{"rendered":"<p>Este domingo, desde su sal\u00f3n de sesiones, fue ratificada y juramentada la junta que liderar\u00e1 durante este 2025 la C\u00e1mara Municipal de Valera. La presidenta es Andreina Vielma, vicepresidente Mauro&hellip; <\/p>\n","protected":false},"author":7,"featured_media":41395,"comment_status":"closed","ping_status":"closed","sticky":false,"template":"","format":"standard","meta":{"footnotes":""},"categories":[40],"tags":[],"class_list":["post-41394","post","type-post","status-publish","format-standard","has-post-thumbnail","hentry","category-grantrujillo"],"_links":{"self":[{"href":"https:\/\/ciudadtrujillo.com\/index.php?rest_route=\/wp\/v2\/posts\/41394","targetHints":{"allow":["GET"]}}],"collection":[{"href":"https:\/\/ciudadtrujillo.com\/index.php?rest_route=\/wp\/v2\/posts"}],"about":[{"href":"https:\/\/ciudadtrujillo.com\/index.php?rest_route=\/wp\/v2\/types\/post"}],"author":[{"embeddable":true,"href":"https:\/\/ciudadtrujillo.com\/index.php?rest_route=\/wp\/v2\/users\/7"}],"replies":[{"embeddable":true,"href":"https:\/\/ciudadtrujillo.com\/index.php?rest_route=%2Fwp%2Fv2%2Fcomments&post=41394"}],"version-history":[{"count":1,"href":"https:\/\/ciudadtrujillo.com\/index.php?rest_route=\/wp\/v2\/posts\/41394\/revisions"}],"predecessor-version":[{"id":41396,"href":"https:\/\/ciudadtrujillo.com\/index.php?rest_route=\/wp\/v2\/posts\/41394\/revisions\/41396"}],"wp:featuredmedia":[{"embeddable":true,"href":"https:\/\/ciudadtrujillo.com\/index.php?rest_route=\/wp\/v2\/media\/41395"}],"wp:attachment":[{"href":"https:\/\/ciudadtrujillo.com\/index.php?rest_route=%2Fwp%2Fv2%2Fmedia&parent=41394"}],"wp:term":[{"taxonomy":"category","embeddable":true,"href":"https:\/\/ciudadtrujillo.com\/index.php?rest_route=%2Fwp%2Fv2%2Fcategories&post=41394"},{"taxonomy":"post_tag","embeddable":true,"href":"https:\/\/ciudadtrujillo.com\/index.php?rest_route=%2Fwp%2Fv2%2Ftags&post=41394"}],"curies":[{"name":"wp","href":"https:\/\/api.w.org\/{rel}","templated":true}]}}