{"id":41388,"date":"2025-01-05T20:47:55","date_gmt":"2025-01-06T00:47:55","guid":{"rendered":"https:\/\/ciudadtrujillo.com\/?p=41388"},"modified":"2025-01-05T20:48:25","modified_gmt":"2025-01-06T00:48:25","slug":"luis-mora-de-gobierno-de-trujillo-mincomercio-es-el-nuevo-lider-de-la-vuelta-a-bramon","status":"publish","type":"post","link":"https:\/\/ciudadtrujillo.com\/?p=41388","title":{"rendered":"Luis Mora de Gobierno de Trujillo \/ MinComercio es el nuevo l\u00edder de la Vuelta a Bramon"},"content":{"rendered":"<p style=\"text-align: justify;\">La fiebre del ciclismo se vive en el estado T\u00e1chira y los trujillanos est\u00e1n rodeados de victorias. Luis Mora del equipo Gobierno de Trujillo \/ MinComercio, es el nuevo l\u00edder de la Vuelta a Bramon.<\/p>\n<p style=\"text-align: justify;\">Roniel Campos (La Guacamaya) fue el ganador de una 2da etapa modificada debido a la torrencial lluvia.<\/p>\n<p style=\"text-align: justify;\">En el caso de Juan Ru\u00edz y Jos\u00e9 Alarc\u00f3n del Gobierno Bolivariano de Trujillo \/ MinComercio se retiraron de la competencia por precauci\u00f3n.<\/p>\n<p style=\"text-align: justify;\">Importante recordar que la Vuelta a Bram\u00f3n, que cuya tercera y \u00faltima etapa se cumplir\u00e1 hoy 6 de enero, es la \u00faltima carrera preparatoria para la Vuelta al T\u00e1chira que arrancar\u00e1 el domingo 12 de enero.<\/p>\n<p>&nbsp;<\/p>\n<p>&nbsp;<\/p>\n<h6>Con informaci\u00f3n de: Fernando Bravo\/Gr\u00e1ficas: Cortes\u00eda @vueltabramon<\/h6>\n","protected":false},"excerpt":{"rendered":"<p>La fiebre del ciclismo se vive en el estado T\u00e1chira y los trujillanos est\u00e1n rodeados de victorias. Luis Mora del equipo Gobierno de Trujillo \/ MinComercio, es el nuevo l\u00edder&hellip; <\/p>\n","protected":false},"author":7,"featured_media":41389,"comment_status":"closed","ping_status":"closed","sticky":false,"template":"","format":"standard","meta":{"footnotes":""},"categories":[40],"tags":[],"class_list":["post-41388","post","type-post","status-publish","format-standard","has-post-thumbnail","hentry","category-grantrujillo"],"_links":{"self":[{"href":"https:\/\/ciudadtrujillo.com\/index.php?rest_route=\/wp\/v2\/posts\/41388","targetHints":{"allow":["GET"]}}],"collection":[{"href":"https:\/\/ciudadtrujillo.com\/index.php?rest_route=\/wp\/v2\/posts"}],"about":[{"href":"https:\/\/ciudadtrujillo.com\/index.php?rest_route=\/wp\/v2\/types\/post"}],"author":[{"embeddable":true,"href":"https:\/\/ciudadtrujillo.com\/index.php?rest_route=\/wp\/v2\/users\/7"}],"replies":[{"embeddable":true,"href":"https:\/\/ciudadtrujillo.com\/index.php?rest_route=%2Fwp%2Fv2%2Fcomments&post=41388"}],"version-history":[{"count":1,"href":"https:\/\/ciudadtrujillo.com\/index.php?rest_route=\/wp\/v2\/posts\/41388\/revisions"}],"predecessor-version":[{"id":41390,"href":"https:\/\/ciudadtrujillo.com\/index.php?rest_route=\/wp\/v2\/posts\/41388\/revisions\/41390"}],"wp:featuredmedia":[{"embeddable":true,"href":"https:\/\/ciudadtrujillo.com\/index.php?rest_route=\/wp\/v2\/media\/41389"}],"wp:attachment":[{"href":"https:\/\/ciudadtrujillo.com\/index.php?rest_route=%2Fwp%2Fv2%2Fmedia&parent=41388"}],"wp:term":[{"taxonomy":"category","embeddable":true,"href":"https:\/\/ciudadtrujillo.com\/index.php?rest_route=%2Fwp%2Fv2%2Fcategories&post=41388"},{"taxonomy":"post_tag","embeddable":true,"href":"https:\/\/ciudadtrujillo.com\/index.php?rest_route=%2Fwp%2Fv2%2Ftags&post=41388"}],"curies":[{"name":"wp","href":"https:\/\/api.w.org\/{rel}","templated":true}]}}