{"id":41373,"date":"2025-01-05T17:46:44","date_gmt":"2025-01-05T21:46:44","guid":{"rendered":"https:\/\/ciudadtrujillo.com\/?p=41373"},"modified":"2025-01-05T17:46:44","modified_gmt":"2025-01-05T21:46:44","slug":"terremoto-de-63-sacude-a-el-salvador-y-otras-naciones-de-centroamerica","status":"publish","type":"post","link":"https:\/\/ciudadtrujillo.com\/?p=41373","title":{"rendered":"Terremoto de 6,3 sacude a El Salvador y otras naciones de Centroam\u00e9rica"},"content":{"rendered":"<p style=\"text-align: justify;\">Un terremoto de magnitud 6,3 sacudi\u00f3 este domingo a El Salvador y fue sentido en Honduras y Guatemala, aunque en ninguno de estos pa\u00edses se han reportado v\u00edctimas fatales. El epicentro del sismo se registr\u00f3 en la costa de La Paz, en el Pac\u00edfico, a 70 kil\u00f3metros de la capital San Salvador, y a una profundidad de 33 kil\u00f3metros, reportan medios internacionales.<\/p>\n<p style=\"text-align: justify;\">El ministerio de Medio Ambiente salvadore\u00f1o, inform\u00f3 de otros seis sismos posteriores, todos en la misma costa. La Direcci\u00f3n de Protecci\u00f3n Civil ha activado el Centro de Operaciones de Emergencias, pero hasta el momento tampoco reporta afectaciones.<\/p>\n<p style=\"text-align: justify;\">El temblor se produjo a las 11:18 hora local. No se han registrado afectaciones a la red vial en el \u00c1rea Metropolitana de San Salvador despu\u00e9s del sismo, seg\u00fan la primera revisi\u00f3n del sistema de videovigilancia. Por otra parte, el Instituto Nicarag\u00fcense de Estudios Territoriales (Ineter) inform\u00f3 que el terremoto ha sido un \u201cevento relacionado con los procesos tect\u00f3nicos del choque entre las placas Cocos y Caribe\u201d.<\/p>\n<p style=\"text-align: justify;\">En Guatemala, el terremoto se ha sentido asimismo en 9 de los 22 departamentos, incluida la capital, seg\u00fan la Coordinadora Nacional para la Reducci\u00f3n de Desastres de ese pa\u00eds, que ha se\u00f1alado que no se han registrado da\u00f1os a personas o estructuras.<\/p>\n<p style=\"text-align: justify;\">En Honduras, la Secretar\u00eda de Gesti\u00f3n de Riesgos y Contingencias Nacionales tampoco ha comunicado v\u00edctimas o da\u00f1os materiales por el sismo, que seg\u00fan usuarios de redes sociales se ha sentido intensamente en el departamento de La Paz, regi\u00f3n central del pa\u00eds centroamericano.<\/p>\n<p style=\"text-align: justify;\">Han pasado m\u00e1s de 20 a\u00f1os desde los \u00faltimos grandes terremotos en El Salvador, en enero y febrero de 2001, que dejaron m\u00e1s de 1.000 muertos. Desde entonces, los sismos se han sucedido en el pa\u00eds centroamericano, pero sin contar da\u00f1os graves.<\/p>\n<p style=\"text-align: justify;\">\n<p>&nbsp;<\/p>\n<h6>VTV<\/h6>\n","protected":false},"excerpt":{"rendered":"<p>Un terremoto de magnitud 6,3 sacudi\u00f3 este domingo a El Salvador y fue sentido en Honduras y Guatemala, aunque en ninguno de estos pa\u00edses se han reportado v\u00edctimas fatales. El&hellip; <\/p>\n","protected":false},"author":7,"featured_media":41377,"comment_status":"closed","ping_status":"closed","sticky":false,"template":"","format":"standard","meta":{"footnotes":""},"categories":[42],"tags":[],"class_list":["post-41373","post","type-post","status-publish","format-standard","has-post-thumbnail","hentry","category-mundo"],"_links":{"self":[{"href":"https:\/\/ciudadtrujillo.com\/index.php?rest_route=\/wp\/v2\/posts\/41373","targetHints":{"allow":["GET"]}}],"collection":[{"href":"https:\/\/ciudadtrujillo.com\/index.php?rest_route=\/wp\/v2\/posts"}],"about":[{"href":"https:\/\/ciudadtrujillo.com\/index.php?rest_route=\/wp\/v2\/types\/post"}],"author":[{"embeddable":true,"href":"https:\/\/ciudadtrujillo.com\/index.php?rest_route=\/wp\/v2\/users\/7"}],"replies":[{"embeddable":true,"href":"https:\/\/ciudadtrujillo.com\/index.php?rest_route=%2Fwp%2Fv2%2Fcomments&post=41373"}],"version-history":[{"count":1,"href":"https:\/\/ciudadtrujillo.com\/index.php?rest_route=\/wp\/v2\/posts\/41373\/revisions"}],"predecessor-version":[{"id":41378,"href":"https:\/\/ciudadtrujillo.com\/index.php?rest_route=\/wp\/v2\/posts\/41373\/revisions\/41378"}],"wp:featuredmedia":[{"embeddable":true,"href":"https:\/\/ciudadtrujillo.com\/index.php?rest_route=\/wp\/v2\/media\/41377"}],"wp:attachment":[{"href":"https:\/\/ciudadtrujillo.com\/index.php?rest_route=%2Fwp%2Fv2%2Fmedia&parent=41373"}],"wp:term":[{"taxonomy":"category","embeddable":true,"href":"https:\/\/ciudadtrujillo.com\/index.php?rest_route=%2Fwp%2Fv2%2Fcategories&post=41373"},{"taxonomy":"post_tag","embeddable":true,"href":"https:\/\/ciudadtrujillo.com\/index.php?rest_route=%2Fwp%2Fv2%2Ftags&post=41373"}],"curies":[{"name":"wp","href":"https:\/\/api.w.org\/{rel}","templated":true}]}}