{"id":41367,"date":"2025-01-02T22:03:07","date_gmt":"2025-01-03T02:03:07","guid":{"rendered":"https:\/\/ciudadtrujillo.com\/?p=41367"},"modified":"2025-01-02T22:03:07","modified_gmt":"2025-01-03T02:03:07","slug":"gobierno-de-trujillo-arranca-plan-de-asfaltado-2025-en-valera","status":"publish","type":"post","link":"https:\/\/ciudadtrujillo.com\/?p=41367","title":{"rendered":"Gobierno de Trujillo arranca plan de asfaltado 2025 en Valera"},"content":{"rendered":"<p style=\"text-align: justify;\">Este jueves 2 de enero el equipo de la Empresa de Asfalto del estado, adscrita a la Gobernaci\u00f3n de Trujillo, arranc\u00f3 sus actividades de producci\u00f3n de mezcla asf\u00e1ltica y labores de pavimentaci\u00f3n siguiendo las directrices del Presidente Nicol\u00e1s Maduro y el gobernador Gerardo M\u00e1rquez.<\/p>\n<p style=\"text-align: justify;\">Desde la avenida 13 con calle 15 y 16 en el municipio Valera, el presidente de Emastru, Jos\u00e9 Humberto Saavedra, inform\u00f3 que se llevaron a cabo los trabajos de colocaci\u00f3n de m\u00e1s de 50 toneladas de asfalto en bacheo y carpeta corrida.<\/p>\n<p style=\"text-align: justify;\">Saavedra expres\u00f3 que para este 2025 se proyecta seguir atendiendo los distintos ejes carreteros del estado en aras de garantizar la recuperaci\u00f3n integral de las v\u00edas trujillanas.<\/p>\n<p style=\"text-align: justify;\">Enfatiz\u00f3 que el a\u00f1o 2024, gracias al arduo trabajo desempe\u00f1ado por la clase obrera de Emastru, se logr\u00f3 el abordaje en 19 municipios del estado, atendiendo fundamentalmente las carreteras principales.<\/p>\n<p>&nbsp;<\/p>\n<p>&nbsp;<\/p>\n<h6>Prensa Emastru\/Gr\u00e1ficas: Yelimar Hidalgo<\/h6>\n","protected":false},"excerpt":{"rendered":"<p>Este jueves 2 de enero el equipo de la Empresa de Asfalto del estado, adscrita a la Gobernaci\u00f3n de Trujillo, arranc\u00f3 sus actividades de producci\u00f3n de mezcla asf\u00e1ltica y labores&hellip; <\/p>\n","protected":false},"author":7,"featured_media":41368,"comment_status":"closed","ping_status":"closed","sticky":false,"template":"","format":"standard","meta":{"footnotes":""},"categories":[52,40],"tags":[],"class_list":["post-41367","post","type-post","status-publish","format-standard","has-post-thumbnail","hentry","category-destacadas","category-grantrujillo"],"_links":{"self":[{"href":"https:\/\/ciudadtrujillo.com\/index.php?rest_route=\/wp\/v2\/posts\/41367","targetHints":{"allow":["GET"]}}],"collection":[{"href":"https:\/\/ciudadtrujillo.com\/index.php?rest_route=\/wp\/v2\/posts"}],"about":[{"href":"https:\/\/ciudadtrujillo.com\/index.php?rest_route=\/wp\/v2\/types\/post"}],"author":[{"embeddable":true,"href":"https:\/\/ciudadtrujillo.com\/index.php?rest_route=\/wp\/v2\/users\/7"}],"replies":[{"embeddable":true,"href":"https:\/\/ciudadtrujillo.com\/index.php?rest_route=%2Fwp%2Fv2%2Fcomments&post=41367"}],"version-history":[{"count":1,"href":"https:\/\/ciudadtrujillo.com\/index.php?rest_route=\/wp\/v2\/posts\/41367\/revisions"}],"predecessor-version":[{"id":41369,"href":"https:\/\/ciudadtrujillo.com\/index.php?rest_route=\/wp\/v2\/posts\/41367\/revisions\/41369"}],"wp:featuredmedia":[{"embeddable":true,"href":"https:\/\/ciudadtrujillo.com\/index.php?rest_route=\/wp\/v2\/media\/41368"}],"wp:attachment":[{"href":"https:\/\/ciudadtrujillo.com\/index.php?rest_route=%2Fwp%2Fv2%2Fmedia&parent=41367"}],"wp:term":[{"taxonomy":"category","embeddable":true,"href":"https:\/\/ciudadtrujillo.com\/index.php?rest_route=%2Fwp%2Fv2%2Fcategories&post=41367"},{"taxonomy":"post_tag","embeddable":true,"href":"https:\/\/ciudadtrujillo.com\/index.php?rest_route=%2Fwp%2Fv2%2Ftags&post=41367"}],"curies":[{"name":"wp","href":"https:\/\/api.w.org\/{rel}","templated":true}]}}