{"id":41362,"date":"2025-01-02T21:58:15","date_gmt":"2025-01-03T01:58:15","guid":{"rendered":"https:\/\/ciudadtrujillo.com\/?p=41362"},"modified":"2025-01-02T21:58:15","modified_gmt":"2025-01-03T01:58:15","slug":"emao-recolecto-360-toneladas-de-desechos-solidos-en-seis-municipios-del-estado","status":"publish","type":"post","link":"https:\/\/ciudadtrujillo.com\/?p=41362","title":{"rendered":"EMAO recolect\u00f3 360 toneladas de desechos s\u00f3lidos en seis municipios del estado"},"content":{"rendered":"<p style=\"text-align: justify;\">La Empresa de Mantenimiento, Aseo y Ornato (EMAO) en los \u00faltimos d\u00edas ha recolectado 360 TN en jornadas de recolecci\u00f3n de desechos s\u00f3lidos durante el mes de diciembre, en las cuales se abordaron seis municipios del estado, gracias a los aportes del Presidente Nicol\u00e1s Maduro y el gobernador Gerardo M\u00e1rquez.<\/p>\n<p style=\"text-align: justify;\">Los municipios atendidos fueron: Valera, Trujillo (capital), Escuque, Rafael Rangel (Betijoque), San Rafael de Carvajal y Motat\u00e1n.<\/p>\n<p style=\"text-align: justify;\">Esta actividad refleja el compromiso continuo de la empresa con el mantenimiento y limpieza del entorno en la entidad.<\/p>\n<p>&nbsp;<\/p>\n<p>&nbsp;<\/p>\n<h6>Gianella Graterol\/Gr\u00e1ficas: Cortes\u00eda<\/h6>\n","protected":false},"excerpt":{"rendered":"<p>La Empresa de Mantenimiento, Aseo y Ornato (EMAO) en los \u00faltimos d\u00edas ha recolectado 360 TN en jornadas de recolecci\u00f3n de desechos s\u00f3lidos durante el mes de diciembre, en las&hellip; <\/p>\n","protected":false},"author":7,"featured_media":41364,"comment_status":"closed","ping_status":"closed","sticky":false,"template":"","format":"standard","meta":{"footnotes":""},"categories":[40],"tags":[],"class_list":["post-41362","post","type-post","status-publish","format-standard","has-post-thumbnail","hentry","category-grantrujillo"],"_links":{"self":[{"href":"https:\/\/ciudadtrujillo.com\/index.php?rest_route=\/wp\/v2\/posts\/41362","targetHints":{"allow":["GET"]}}],"collection":[{"href":"https:\/\/ciudadtrujillo.com\/index.php?rest_route=\/wp\/v2\/posts"}],"about":[{"href":"https:\/\/ciudadtrujillo.com\/index.php?rest_route=\/wp\/v2\/types\/post"}],"author":[{"embeddable":true,"href":"https:\/\/ciudadtrujillo.com\/index.php?rest_route=\/wp\/v2\/users\/7"}],"replies":[{"embeddable":true,"href":"https:\/\/ciudadtrujillo.com\/index.php?rest_route=%2Fwp%2Fv2%2Fcomments&post=41362"}],"version-history":[{"count":1,"href":"https:\/\/ciudadtrujillo.com\/index.php?rest_route=\/wp\/v2\/posts\/41362\/revisions"}],"predecessor-version":[{"id":41365,"href":"https:\/\/ciudadtrujillo.com\/index.php?rest_route=\/wp\/v2\/posts\/41362\/revisions\/41365"}],"wp:featuredmedia":[{"embeddable":true,"href":"https:\/\/ciudadtrujillo.com\/index.php?rest_route=\/wp\/v2\/media\/41364"}],"wp:attachment":[{"href":"https:\/\/ciudadtrujillo.com\/index.php?rest_route=%2Fwp%2Fv2%2Fmedia&parent=41362"}],"wp:term":[{"taxonomy":"category","embeddable":true,"href":"https:\/\/ciudadtrujillo.com\/index.php?rest_route=%2Fwp%2Fv2%2Fcategories&post=41362"},{"taxonomy":"post_tag","embeddable":true,"href":"https:\/\/ciudadtrujillo.com\/index.php?rest_route=%2Fwp%2Fv2%2Ftags&post=41362"}],"curies":[{"name":"wp","href":"https:\/\/api.w.org\/{rel}","templated":true}]}}