{"id":41359,"date":"2025-01-02T21:49:50","date_gmt":"2025-01-03T01:49:50","guid":{"rendered":"https:\/\/ciudadtrujillo.com\/?p=41359"},"modified":"2025-01-02T21:49:50","modified_gmt":"2025-01-03T01:49:50","slug":"alehannys-anthonella-es-la-primera-trujillana-nacida-en-el-2025","status":"publish","type":"post","link":"https:\/\/ciudadtrujillo.com\/?p=41359","title":{"rendered":"Alehannys Anthonella es la primera trujillana nacida en el 2025"},"content":{"rendered":"<p style=\"text-align: justify;\">A las 6:02 AM del 1ro de enero del 2025, en el Hospital Universitario Dr. Pedro Emilio Carrillo de Valera, naci\u00f3 la primera trujillana del a\u00f1o. Se trata de Alehannys Anthonella, una ni\u00f1a que recibi\u00f3 el cari\u00f1o y obsequios por parte del gobierno regional ante su especial llegada al mundo.<\/p>\n<p style=\"text-align: justify;\">\u00abLes presento a la primera trujillana nacida en el 2025, es una hermosa princesa: Alehannys Anthonella naci\u00f3 hoy 1ro de enero a las 6:02 am en el Hospital Universitario Dr. Pedro Emilio Carrillo de Valera, su peso fue de 2.350 kg y midi\u00f3 47 cent\u00edmetros\u00bb, describi\u00f3 el gobernador Gerardo M\u00e1rquez en sus redes sociales.<\/p>\n<p style=\"text-align: justify;\">Asimismo, Marquez cont\u00f3 que all\u00ed estuvo el equipo liderado por el GD Julio Y\u00e9pez Castro, secretario de gobierno, y el Lcdo. Jodanny Parilli, subdirector de la Direcci\u00f3n Regional \u00abEl Ni\u00f1o Sim\u00f3n\u00bb Trujillo \u00abpara darle una bonita bienvenida y felicitar a su madre Mar\u00eda Alejandra Fern\u00e1ndez.Comenzamos el a\u00f1o celebrando el milagro de la vida, con Alehannys recibimos un a\u00f1o cargado de bendiciones. Por ellos, por nuestros semilleros, por la Patria Nueva, est\u00e1 prohibido fallar.\u00bb, a\u00f1adi\u00f3.<\/p>\n<p>&nbsp;<\/p>\n<p>&nbsp;<\/p>\n<h6>Eliph Catalina Fern\u00e1ndez\/Gr\u00e1ficas: Cortes\u00eda<\/h6>\n","protected":false},"excerpt":{"rendered":"<p>A las 6:02 AM del 1ro de enero del 2025, en el Hospital Universitario Dr. Pedro Emilio Carrillo de Valera, naci\u00f3 la primera trujillana del a\u00f1o. Se trata de Alehannys&hellip; <\/p>\n","protected":false},"author":7,"featured_media":41360,"comment_status":"closed","ping_status":"closed","sticky":false,"template":"","format":"standard","meta":{"footnotes":""},"categories":[40],"tags":[],"class_list":["post-41359","post","type-post","status-publish","format-standard","has-post-thumbnail","hentry","category-grantrujillo"],"_links":{"self":[{"href":"https:\/\/ciudadtrujillo.com\/index.php?rest_route=\/wp\/v2\/posts\/41359","targetHints":{"allow":["GET"]}}],"collection":[{"href":"https:\/\/ciudadtrujillo.com\/index.php?rest_route=\/wp\/v2\/posts"}],"about":[{"href":"https:\/\/ciudadtrujillo.com\/index.php?rest_route=\/wp\/v2\/types\/post"}],"author":[{"embeddable":true,"href":"https:\/\/ciudadtrujillo.com\/index.php?rest_route=\/wp\/v2\/users\/7"}],"replies":[{"embeddable":true,"href":"https:\/\/ciudadtrujillo.com\/index.php?rest_route=%2Fwp%2Fv2%2Fcomments&post=41359"}],"version-history":[{"count":1,"href":"https:\/\/ciudadtrujillo.com\/index.php?rest_route=\/wp\/v2\/posts\/41359\/revisions"}],"predecessor-version":[{"id":41361,"href":"https:\/\/ciudadtrujillo.com\/index.php?rest_route=\/wp\/v2\/posts\/41359\/revisions\/41361"}],"wp:featuredmedia":[{"embeddable":true,"href":"https:\/\/ciudadtrujillo.com\/index.php?rest_route=\/wp\/v2\/media\/41360"}],"wp:attachment":[{"href":"https:\/\/ciudadtrujillo.com\/index.php?rest_route=%2Fwp%2Fv2%2Fmedia&parent=41359"}],"wp:term":[{"taxonomy":"category","embeddable":true,"href":"https:\/\/ciudadtrujillo.com\/index.php?rest_route=%2Fwp%2Fv2%2Fcategories&post=41359"},{"taxonomy":"post_tag","embeddable":true,"href":"https:\/\/ciudadtrujillo.com\/index.php?rest_route=%2Fwp%2Fv2%2Ftags&post=41359"}],"curies":[{"name":"wp","href":"https:\/\/api.w.org\/{rel}","templated":true}]}}