{"id":41353,"date":"2025-01-02T21:41:05","date_gmt":"2025-01-03T01:41:05","guid":{"rendered":"https:\/\/ciudadtrujillo.com\/?p=41353"},"modified":"2025-01-02T21:41:05","modified_gmt":"2025-01-03T01:41:05","slug":"mas-de-70-mil-personas-visitaron-el-monumento-a-la-paz-en-el-2024","status":"publish","type":"post","link":"https:\/\/ciudadtrujillo.com\/?p=41353","title":{"rendered":"M\u00e1s de 70 mil personas visitaron el Monumento a la Paz en el 2024"},"content":{"rendered":"<p style=\"text-align: justify;\">Trujillo continuar\u00e1 fortaleciendo el desarrollo tur\u00edstico en el 2025 con planes y proyectos que impulsan las bondades de la regi\u00f3n andina. El principal icono tur\u00edstico de la entidad, el Monumento a La Paz, sigui\u00f3 siendo el favorito en este 2024, pues recibi\u00f3 a m\u00e1s de 70 mil personas provenientes de los estados Zulia, Distrito Capital, T\u00e1chira, Barinas, Lara, M\u00e9rida Carabobo, y Portuguesa. Con su maravilloso clima, sus imponentes monta\u00f1as y su maravillosa vista hacia el terru\u00f1o trujillano este espacio ofrece informaci\u00f3n tur\u00edstica de los 20 municipios que conforman la entidad.<\/p>\n<p style=\"text-align: justify;\">Trujillo, entidad andina caracterizada por la amabilidad de su gente y sus maravillosos destinos, seguir\u00e1 posicion\u00e1ndose como destino tur\u00edstico a visitar en el a\u00f1o 2025, pues gracias a la certificaci\u00f3n de las seis primeras rutas tur\u00edsticas por el Ministerio del Poder Popular para el Turismo que apuestan a impulsar el turismo local, la recuperaci\u00f3n de espacios tur\u00edsticos entre los que destacan el ascensor del Monumento a La Paz; el primer lugar en el Encuentro Internacional de Caf\u00e9 especialidad Venezolano, la representaci\u00f3n del estado en diferentes actividades a nivel nacional y la creaci\u00f3n de un punto de informaci\u00f3n permanente en el novedoso Parque Los Ilustres del municipio Valera, forman parte de los logros de este a\u00f1o 2024.<\/p>\n<p style=\"text-align: justify;\">Cabe destacar que gracias a la gesti\u00f3n del gobernador del estado, Gerardo M\u00e1rquez, con la recuperaci\u00f3n de las v\u00edas de acceso, la activaci\u00f3n del Aeropuerto Nacional Antonio Nicol\u00e1s Brice\u00f1o y los eventos de talla nacional han sido factores fundamentales para el aumentado el n\u00famero de visitas a los atractivos tur\u00edsticos trujillanos.<\/p>\n<p style=\"text-align: justify;\">La ingeniero Mar\u00eda Gabriela Albornoz, autoridad \u00fanica de turismo en Trujillo, manifest\u00f3 que el a\u00f1o 2024 ha sido un logro en cuanto a la recuperaci\u00f3n, y mantenimiento de infraestructura tur\u00edstica, recuperando el a\u00e9rea de los locales comerciales de la Posada Tur\u00edstica de Isnot\u00fa, el darle cobertura al calendario tur\u00edstico anual, manifestaciones culturales, grandes eventos deportivos y fechas hist\u00f3ricas, \u201chemos realizado un abordaje integral a los municipios, Carache , Urdaneta, San Rafael de Carvajal, Rafael Rangel, Pamp\u00e1n y Bocon\u00f3 y dentro de la planificaci\u00f3n anual esperamos cubrir los municipios restantes. Con el programa de sensibilizaci\u00f3n tur\u00edstica un 60 % de las escuelas fueron atendidas, este a\u00f1o tenemos la meta de abordar el eje Panamericano e instituciones\u201d, agreg\u00f3.<\/p>\n<p style=\"text-align: justify;\">Asimismo, m\u00e1s de 100 mil personas fueron atendidas durante la activaci\u00f3n de los Puntos de Informaci\u00f3n Tur\u00edstica, durante las temporadas de Carnaval, Semana Santa, Vacaciones y Temporada de Navidad 2024.<\/p>\n<p style=\"text-align: justify;\"><strong>Actividades de alto impacto tur\u00edstico en el 2024.<\/strong><\/p>\n<p style=\"text-align: justify;\">&#8211; Peregrinaci\u00f3n del Doctor Jos\u00e9 Gregorio Hern\u00e1ndez.<\/p>\n<p style=\"text-align: justify;\">&#8211; 34 edici\u00f3n de la Vuelta a Trujillo.<\/p>\n<p style=\"text-align: justify;\">&#8211; 1er Cl\u00e1sico Cicl\u00edstico Jos\u00e9 Gregorio Hern\u00e1ndez.<\/p>\n<p style=\"text-align: justify;\">&#8211; Peregrinaci\u00f3n Nuestra Se\u00f1ora del Rosario de Dur\u00ed, municipio Urdaneta.<\/p>\n<p style=\"text-align: justify;\">&#8211; Reto Cicl\u00edstico Virgen de la Paz. Municipio Trujillo.<\/p>\n<p style=\"text-align: justify;\"><strong>Proyectos 2025:<\/strong><\/p>\n<p style=\"text-align: justify;\">Para el primer trimestre del a\u00f1o 2025:<\/p>\n<p style=\"text-align: justify;\">&#8211; Ruta del caf\u00e9 San L\u00e1zaro y Pamp\u00e1n,<\/p>\n<p style=\"text-align: justify;\">&#8211; Ruta Bocon\u00f3 Aventura.<\/p>\n<p style=\"text-align: justify;\">&#8211; Valida Sudamericana del Open Trujillo.<\/p>\n<p style=\"text-align: justify;\">&#8211; Formaci\u00f3n de gu\u00edas de turismo con alianzas interinstitucionales.<\/p>\n<p style=\"text-align: justify;\">&#8211; Congresos municipales de Aviturismo en los 7 municipios, donde se desarrolla.<\/p>\n<p style=\"text-align: justify;\">Vacaciones felices, planes vacacionales y actividades para los m\u00e1s peque\u00f1os.<\/p>\n<p style=\"text-align: justify;\">Encuentros y formaciones de prestadores de servicio, y una pronta agenda de fat trip , alianzas con c\u00e1mara de turismo y el servicio aut\u00f3nomo de aeropuerto del estado Trujillo.<\/p>\n<p>&nbsp;<\/p>\n<p>&nbsp;<\/p>\n<h6>Prensa CTT<\/h6>\n","protected":false},"excerpt":{"rendered":"<p>Trujillo continuar\u00e1 fortaleciendo el desarrollo tur\u00edstico en el 2025 con planes y proyectos que impulsan las bondades de la regi\u00f3n andina. El principal icono tur\u00edstico de la entidad, el Monumento&hellip; <\/p>\n","protected":false},"author":7,"featured_media":41354,"comment_status":"closed","ping_status":"closed","sticky":false,"template":"","format":"standard","meta":{"footnotes":""},"categories":[40],"tags":[],"class_list":["post-41353","post","type-post","status-publish","format-standard","has-post-thumbnail","hentry","category-grantrujillo"],"_links":{"self":[{"href":"https:\/\/ciudadtrujillo.com\/index.php?rest_route=\/wp\/v2\/posts\/41353","targetHints":{"allow":["GET"]}}],"collection":[{"href":"https:\/\/ciudadtrujillo.com\/index.php?rest_route=\/wp\/v2\/posts"}],"about":[{"href":"https:\/\/ciudadtrujillo.com\/index.php?rest_route=\/wp\/v2\/types\/post"}],"author":[{"embeddable":true,"href":"https:\/\/ciudadtrujillo.com\/index.php?rest_route=\/wp\/v2\/users\/7"}],"replies":[{"embeddable":true,"href":"https:\/\/ciudadtrujillo.com\/index.php?rest_route=%2Fwp%2Fv2%2Fcomments&post=41353"}],"version-history":[{"count":1,"href":"https:\/\/ciudadtrujillo.com\/index.php?rest_route=\/wp\/v2\/posts\/41353\/revisions"}],"predecessor-version":[{"id":41355,"href":"https:\/\/ciudadtrujillo.com\/index.php?rest_route=\/wp\/v2\/posts\/41353\/revisions\/41355"}],"wp:featuredmedia":[{"embeddable":true,"href":"https:\/\/ciudadtrujillo.com\/index.php?rest_route=\/wp\/v2\/media\/41354"}],"wp:attachment":[{"href":"https:\/\/ciudadtrujillo.com\/index.php?rest_route=%2Fwp%2Fv2%2Fmedia&parent=41353"}],"wp:term":[{"taxonomy":"category","embeddable":true,"href":"https:\/\/ciudadtrujillo.com\/index.php?rest_route=%2Fwp%2Fv2%2Fcategories&post=41353"},{"taxonomy":"post_tag","embeddable":true,"href":"https:\/\/ciudadtrujillo.com\/index.php?rest_route=%2Fwp%2Fv2%2Ftags&post=41353"}],"curies":[{"name":"wp","href":"https:\/\/api.w.org\/{rel}","templated":true}]}}