{"id":41336,"date":"2024-12-30T22:53:02","date_gmt":"2024-12-31T02:53:02","guid":{"rendered":"https:\/\/ciudadtrujillo.com\/?p=41336"},"modified":"2024-12-30T22:53:02","modified_gmt":"2024-12-31T02:53:02","slug":"bricomiles-rehabilito-instituciones-educativas-en-trujillo-durante-el-ano-2024","status":"publish","type":"post","link":"https:\/\/ciudadtrujillo.com\/?p=41336","title":{"rendered":"Bricomiles rehabilit\u00f3 instituciones educativas en Trujillo durante el a\u00f1o 2024"},"content":{"rendered":"<p style=\"text-align: justify;\">Como parte de las iniciativas impulsadas por las Brigadas Comunitarias Militares de Educaci\u00f3n y Salud (Bricomiles), bajo la orientaci\u00f3n del Presidente Nicol\u00e1s Maduro y el gobernador Gerardo M\u00e1rquez, se han rehabilitado 32 instituciones educativas en el estado Trujillo durante el a\u00f1o 2024. Este esfuerzo forma parte del compromiso del gobierno por mejorar la calidad educativa y brindar un entorno propicio para el aprendizaje en la entidad.<\/p>\n<p style=\"text-align: justify;\">Entre las labores ejecutadas en estos planteles se incluyen el mejoramiento de las instalaciones el\u00e9ctricas, embellecimiento y pintura general en interiores y exteriores, impermeabilizaci\u00f3n, as\u00ed como trabajos de herrer\u00eda, alba\u00f1iler\u00eda y soldadura.<\/p>\n<p style=\"text-align: justify;\">Adem\u00e1s, se han realizado reparaciones en techos, paredes, caminer\u00edas, puertas, canchas deportivas y salas sanitarias. Se ha renovado el mobiliario y dotado a las escuelas con recursos educativos necesarios para ofrecer unas instituciones \u00f3ptimas a los estudiantes.<\/p>\n<p style=\"text-align: justify;\">Es importante destacar que entre las instituciones asistidas se encuentran: Unidad Educativa Pedro Emilio Carrillo de Mitic\u00fan (Bocon\u00f3), Unidad Educativa R\u00f3mulo Gallegos (Valera), Unidad Educativa Presb\u00edtero Jos\u00e9 Ricardo Gamboa (Bocon\u00f3), Escuela Elo\u00edsa Fonseca (Valera), Liceo Bolivariano Monse\u00f1or Jos\u00e9 Humberto Contreras (Valera), Liceo Bolivariana Crist\u00f3bal Mendoza (Escuque), Centro Maternal Mam\u00e1 Hip\u00f3lita II (Trujillo), Centro de Educaci\u00f3n Inicial Al\u00ed Primera (El Pensil, Escuque), Centro de Educaci\u00f3n Inicial Las Esperanzas (Bocon\u00f3), Escuela Hugo Rafael Ch\u00e1vez Fr\u00edas (Escuque), Unidad Educativa Monse\u00f1or Arias Blanco (San Rafael de Carvajal), Centro de Educaci\u00f3n Inicial Andr\u00e9s Bello (Senifa Jard\u00edn de la Alegr\u00eda, La Ceiba), Unidad Educativa Presb\u00edtero Juan Vespertini (Urdaneta), Unidad Educativa Sim\u00f3n Rodr\u00edguez (Motat\u00e1n), Unidad Educativa Andr\u00e9s Bello (Motat\u00e1n), entre otras.<\/p>\n<p style=\"text-align: justify;\">El impacto favorable de estas iniciativas se manifiesta en la alegr\u00eda de los estudiantes, docentes y personal en general, quienes ahora disponen de un ambiente adecuado para desarrollar sus clases. Esto reitera el compromiso del gobierno con la educaci\u00f3n y el bienestar de las pr\u00f3ximas generaciones.<\/p>\n<p>&nbsp;<\/p>\n<p>&nbsp;<\/p>\n<h6>Gianella Graterol<\/h6>\n","protected":false},"excerpt":{"rendered":"<p>Como parte de las iniciativas impulsadas por las Brigadas Comunitarias Militares de Educaci\u00f3n y Salud (Bricomiles), bajo la orientaci\u00f3n del Presidente Nicol\u00e1s Maduro y el gobernador Gerardo M\u00e1rquez, se han&hellip; <\/p>\n","protected":false},"author":7,"featured_media":41337,"comment_status":"closed","ping_status":"closed","sticky":false,"template":"","format":"standard","meta":{"footnotes":""},"categories":[40],"tags":[],"class_list":["post-41336","post","type-post","status-publish","format-standard","has-post-thumbnail","hentry","category-grantrujillo"],"_links":{"self":[{"href":"https:\/\/ciudadtrujillo.com\/index.php?rest_route=\/wp\/v2\/posts\/41336","targetHints":{"allow":["GET"]}}],"collection":[{"href":"https:\/\/ciudadtrujillo.com\/index.php?rest_route=\/wp\/v2\/posts"}],"about":[{"href":"https:\/\/ciudadtrujillo.com\/index.php?rest_route=\/wp\/v2\/types\/post"}],"author":[{"embeddable":true,"href":"https:\/\/ciudadtrujillo.com\/index.php?rest_route=\/wp\/v2\/users\/7"}],"replies":[{"embeddable":true,"href":"https:\/\/ciudadtrujillo.com\/index.php?rest_route=%2Fwp%2Fv2%2Fcomments&post=41336"}],"version-history":[{"count":1,"href":"https:\/\/ciudadtrujillo.com\/index.php?rest_route=\/wp\/v2\/posts\/41336\/revisions"}],"predecessor-version":[{"id":41338,"href":"https:\/\/ciudadtrujillo.com\/index.php?rest_route=\/wp\/v2\/posts\/41336\/revisions\/41338"}],"wp:featuredmedia":[{"embeddable":true,"href":"https:\/\/ciudadtrujillo.com\/index.php?rest_route=\/wp\/v2\/media\/41337"}],"wp:attachment":[{"href":"https:\/\/ciudadtrujillo.com\/index.php?rest_route=%2Fwp%2Fv2%2Fmedia&parent=41336"}],"wp:term":[{"taxonomy":"category","embeddable":true,"href":"https:\/\/ciudadtrujillo.com\/index.php?rest_route=%2Fwp%2Fv2%2Fcategories&post=41336"},{"taxonomy":"post_tag","embeddable":true,"href":"https:\/\/ciudadtrujillo.com\/index.php?rest_route=%2Fwp%2Fv2%2Ftags&post=41336"}],"curies":[{"name":"wp","href":"https:\/\/api.w.org\/{rel}","templated":true}]}}